{"id":10065,"date":"2025-08-29T15:25:24","date_gmt":"2025-08-29T20:25:24","guid":{"rendered":"https:\/\/muniabancay.gob.pe\/web\/?p=10065"},"modified":"2025-08-30T09:27:21","modified_gmt":"2025-08-30T14:27:21","slug":"expo-feria-laboral-y-de-orientacion-vocacional","status":"publish","type":"post","link":"https:\/\/muniabancay.gob.pe\/web\/2025\/08\/29\/expo-feria-laboral-y-de-orientacion-vocacional\/","title":{"rendered":"Expo Feria Laboral y de Orientaci\u00f3n Vocacional"},"content":{"rendered":"<div class=\"x11i5rnm xat24cr x1mh8g0r x1vvkbs xtlvy1s x126k92a\">\n<div dir=\"auto\">\n<div class=\"x11i5rnm xat24cr x1mh8g0r x1vvkbs xtlvy1s x126k92a\">\n<div dir=\"auto\">\n<div class=\"x11i5rnm xat24cr x1mh8g0r x1vvkbs xtlvy1s x126k92a\">\n<div dir=\"auto\">\n<div class=\"x11i5rnm xat24cr x1mh8g0r x1vvkbs xtlvy1s x126k92a\">\n<div dir=\"auto\">\n<div class=\"x11i5rnm xat24cr x1mh8g0r x1vvkbs xtlvy1s x126k92a\">\n<div dir=\"auto\">\n<div dir=\"auto\">\n<div class=\"x11i5rnm xat24cr x1mh8g0r x1vvkbs xtlvy1s x126k92a\">\n<div dir=\"auto\">\n<div class=\"x11i5rnm xat24cr x1mh8g0r x1vvkbs xtlvy1s x126k92a\">\n<div dir=\"auto\">\n<div class=\"x11i5rnm xat24cr x1mh8g0r x1vvkbs xtlvy1s x126k92a\">\n<div dir=\"auto\">\n<div class=\"x11i5rnm xat24cr x1mh8g0r x1vvkbs xtlvy1s x126k92a\">\n<div dir=\"auto\">\n<div class=\"x11i5rnm xat24cr x1mh8g0r x1vvkbs xtlvy1s x126k92a\">\n<div dir=\"auto\">\n<div class=\"x11i5rnm xat24cr x1mh8g0r x1vvkbs xtlvy1s x126k92a\">\n<div dir=\"auto\">\n<div dir=\"auto\">\n<div dir=\"auto\">\n<div class=\"x11i5rnm xat24cr x1mh8g0r x1vvkbs xtlvy1s x126k92a\">\n<div dir=\"auto\">\n<div class=\"x11i5rnm xat24cr x1mh8g0r x1vvkbs xtlvy1s x126k92a\">\n<div dir=\"auto\">\n<div class=\"x11i5rnm xat24cr x1mh8g0r x1vvkbs xtlvy1s x126k92a\">\n<div dir=\"auto\">\n<div dir=\"auto\">\n<div class=\"x11i5rnm xat24cr x1mh8g0r x1vvkbs xtlvy1s x126k92a\">\n<div dir=\"auto\">\n<div class=\"x11i5rnm xat24cr x1mh8g0r x1vvkbs xtlvy1s x126k92a\">\n<div dir=\"auto\">\n<div dir=\"auto\">\n<div class=\"x11i5rnm xat24cr x1mh8g0r x1vvkbs xtlvy1s x126k92a\">\n<div dir=\"auto\">\n<div class=\"x11i5rnm xat24cr x1mh8g0r x1vvkbs xtlvy1s x126k92a\">\n<div dir=\"auto\">\n<div class=\"x11i5rnm xat24cr x1mh8g0r x1vvkbs xtlvy1s x126k92a\">\n<div dir=\"auto\">\n<div class=\"x11i5rnm xat24cr x1mh8g0r x1vvkbs xtlvy1s x126k92a\">\n<div dir=\"auto\">\n<div class=\"x11i5rnm xat24cr x1mh8g0r x1vvkbs xtlvy1s x126k92a\">\n<div dir=\"auto\">\n<div class=\"x11i5rnm xat24cr x1mh8g0r x1vvkbs xtlvy1s x126k92a\">\n<div dir=\"auto\">\n<div class=\"x11i5rnm xat24cr x1mh8g0r x1vvkbs xtlvy1s x126k92a\">\n<div dir=\"auto\">\n<div class=\"x11i5rnm xat24cr x1mh8g0r x1vvkbs xtlvy1s x126k92a\">\n<div dir=\"auto\">\n<div class=\"x11i5rnm xat24cr x1mh8g0r x1vvkbs xtlvy1s x126k92a\">\n<div dir=\"auto\">\n<div class=\"x11i5rnm xat24cr x1mh8g0r x1vvkbs xtlvy1s x126k92a\">\n<div dir=\"auto\">\n<div class=\"x11i5rnm xat24cr x1mh8g0r x1vvkbs xtlvy1s x126k92a\">\n<div dir=\"auto\">\n<div class=\"x11i5rnm xat24cr x1mh8g0r x1vvkbs xtlvy1s x126k92a\">\n<div dir=\"auto\">\n<div class=\"x11i5rnm xat24cr x1mh8g0r x1vvkbs xtlvy1s x126k92a\">\n<div dir=\"auto\">\n<div class=\"x11i5rnm xat24cr x1mh8g0r x1vvkbs xtlvy1s x126k92a\">\n<div dir=\"auto\">\n<div class=\"x11i5rnm xat24cr x1mh8g0r x1vvkbs xtlvy1s x126k92a\">\n<div dir=\"auto\">\n<div class=\"x11i5rnm xat24cr x1mh8g0r x1vvkbs xtlvy1s x126k92a\">\n<div dir=\"auto\">\n<div class=\"x11i5rnm xat24cr x1mh8g0r x1vvkbs xtlvy1s x126k92a\">\n<div dir=\"auto\">\n<div dir=\"auto\">\n<div dir=\"auto\">\n<div class=\"x11i5rnm xat24cr x1mh8g0r x1vvkbs xtlvy1s x126k92a\">\n<div dir=\"auto\">\n<div class=\"x11i5rnm xat24cr x1mh8g0r x1vvkbs xtlvy1s x126k92a\">\n<div dir=\"auto\">\n<div class=\"x11i5rnm xat24cr x1mh8g0r x1vvkbs xtlvy1s x126k92a\">\n<div dir=\"auto\">\n<div class=\"x11i5rnm xat24cr x1mh8g0r x1vvkbs xtlvy1s x126k92a\">\n<div dir=\"auto\">\n<div dir=\"auto\">\n<div class=\"x11i5rnm xat24cr x1mh8g0r x1vvkbs xtlvy1s x126k92a\">\n<div dir=\"auto\">\n<div dir=\"auto\">\n<div class=\"x11i5rnm xat24cr x1mh8g0r x1vvkbs xtlvy1s x126k92a\">\n<div dir=\"auto\">\n<div class=\"x11i5rnm xat24cr x1mh8g0r x1vvkbs xtlvy1s x126k92a\">\n<div dir=\"auto\">\n<div class=\"x11i5rnm xat24cr x1mh8g0r x1vvkbs xtlvy1s x126k92a\">\n<div dir=\"auto\">\n<div class=\"x11i5rnm xat24cr x1mh8g0r x1vvkbs xtlvy1s x126k92a\">\n<div dir=\"auto\">\n<div class=\"x11i5rnm xat24cr x1mh8g0r x1vvkbs xtlvy1s x126k92a\">\n<div dir=\"auto\">\n<div class=\"x11i5rnm xat24cr x1mh8g0r x1vvkbs xtlvy1s x126k92a\">\n<div dir=\"auto\">\n<div dir=\"auto\">\n<div class=\"xdj266r x11i5rnm xat24cr x1mh8g0r x1vvkbs x126k92a\">\n<div dir=\"auto\">\n<div class=\"x11i5rnm xat24cr x1mh8g0r x1vvkbs xtlvy1s x126k92a\">\n<div dir=\"auto\">\n<div class=\"x11i5rnm xat24cr x1mh8g0r x1vvkbs xtlvy1s x126k92a\">\n<div dir=\"auto\">\n<div class=\"x11i5rnm xat24cr x1mh8g0r x1vvkbs xtlvy1s x126k92a\">\n<div dir=\"auto\">\n<div class=\"x11i5rnm xat24cr x1mh8g0r x1vvkbs xtlvy1s x126k92a\">\n<div dir=\"auto\">\n<div dir=\"auto\">\n<div class=\"x11i5rnm xat24cr x1mh8g0r x1vvkbs xtlvy1s x126k92a\">\n<div dir=\"auto\">\n<div dir=\"auto\">\n<div class=\"x11i5rnm xat24cr x1mh8g0r x1vvkbs xtlvy1s x126k92a\">\n<div dir=\"auto\">\n<div dir=\"auto\">\n<div dir=\"auto\">\n<div class=\"x11i5rnm xat24cr x1mh8g0r x1vvkbs xtlvy1s x126k92a\">\n<div dir=\"auto\">\n<div class=\"x11i5rnm xat24cr x1mh8g0r x1vvkbs xtlvy1s x126k92a\">\n<div dir=\"auto\">\n<div class=\"x11i5rnm xat24cr x1mh8g0r x1vvkbs xtlvy1s x126k92a\">\n<div dir=\"auto\">\n<div dir=\"auto\">\n<div dir=\"auto\">\n<div dir=\"auto\">\n<div class=\"x11i5rnm xat24cr x1mh8g0r x1vvkbs xtlvy1s x126k92a\">\n<div dir=\"auto\">\n<div class=\"x11i5rnm xat24cr x1mh8g0r x1vvkbs xtlvy1s x126k92a\">\n<div dir=\"auto\">\n<div class=\"xdj266r x11i5rnm xat24cr x1mh8g0r x1vvkbs x126k92a\">\n<div dir=\"auto\">\n<div class=\"x11i5rnm xat24cr x1mh8g0r x1vvkbs xtlvy1s x126k92a\">\n<div dir=\"auto\">\n<div dir=\"auto\">\n<div class=\"x11i5rnm xat24cr x1mh8g0r x1vvkbs xtlvy1s x126k92a\">\n<div dir=\"auto\">\n<div dir=\"auto\">\n<div dir=\"auto\">\n<div dir=\"auto\">\n<div class=\"x11i5rnm xat24cr x1mh8g0r x1vvkbs xtlvy1s x126k92a\">\n<div dir=\"auto\">\n<div dir=\"auto\">\n<div class=\"xdj266r x11i5rnm xat24cr x1mh8g0r x1vvkbs x126k92a\">\n<div dir=\"auto\">\n<div dir=\"auto\">\n<div class=\"x11i5rnm xat24cr x1mh8g0r x1vvkbs xtlvy1s x126k92a\">\n<div dir=\"auto\">\n<div class=\"x11i5rnm xat24cr x1mh8g0r x1vvkbs xtlvy1s x126k92a\">\n<div dir=\"auto\">\n<div class=\"x11i5rnm xat24cr x1mh8g0r x1vvkbs xtlvy1s x126k92a\">\n<div dir=\"auto\">\n<div class=\"x11i5rnm xat24cr x1mh8g0r x1vvkbs xtlvy1s x126k92a\">\n<div dir=\"auto\">\n<div dir=\"auto\">\n<div dir=\"auto\">\n<div class=\"x11i5rnm xat24cr x1mh8g0r x1vvkbs xtlvy1s x126k92a\">\n<div dir=\"auto\">\n<div class=\"xdj266r x11i5rnm xat24cr x1mh8g0r x1vvkbs x126k92a\">\n<div dir=\"auto\">\n<div class=\"xdj266r x11i5rnm xat24cr x1mh8g0r x1vvkbs x126k92a\">\n<div dir=\"auto\">\n<div class=\"x11i5rnm xat24cr x1mh8g0r x1vvkbs xtlvy1s x126k92a\">\n<div dir=\"auto\">\n<div class=\"x11i5rnm xat24cr x1mh8g0r x1vvkbs xtlvy1s x126k92a\">\n<div dir=\"auto\">\n<div class=\"xdj266r x11i5rnm xat24cr x1mh8g0r x1vvkbs x126k92a\">\n<div dir=\"auto\">\n<div class=\"xdj266r x11i5rnm xat24cr x1mh8g0r x1vvkbs x126k92a\">\n<div dir=\"auto\">\n<div class=\"xdj266r x11i5rnm xat24cr x1mh8g0r x1vvkbs x126k92a\">\n<div dir=\"auto\">\n<div class=\"x11i5rnm xat24cr x1mh8g0r x1vvkbs xtlvy1s x126k92a\">\n<div dir=\"auto\">\n<div dir=\"auto\">\n<div class=\"xdj266r x11i5rnm xat24cr x1mh8g0r x1vvkbs x126k92a\">\n<div dir=\"auto\">\n<div dir=\"auto\">\n<div class=\"x11i5rnm xat24cr x1mh8g0r x1vvkbs xtlvy1s x126k92a\">\n<div dir=\"auto\">\n<div dir=\"auto\">\n<div class=\"x11i5rnm xat24cr x1mh8g0r x1vvkbs xtlvy1s x126k92a\">\n<div dir=\"auto\">\n<div class=\"xdj266r x11i5rnm xat24cr x1mh8g0r x1vvkbs x126k92a\">\n<div dir=\"auto\">\n<div dir=\"auto\">\n<div dir=\"auto\"><span class=\"html-span xexx8yu xyri2b x18d9i69 x1c1uobl x1hl2dhg x16tdsg8 x1vvkbs x3nfvp2 x1j61x8r x1fcty0u xdj266r xat24cr xm2jcoa x1mpyi22 xxymvpz xlup9mm x1kky2od\"><img loading=\"lazy\" decoding=\"async\" class=\"xz74otr x15mokao x1ga7v0g x16uus16 xbiv7yw\" src=\"https:\/\/static.xx.fbcdn.net\/images\/emoji.php\/v9\/t33\/1\/16\/2705.png\" alt=\"\u2705\" width=\"16\" height=\"16\" \/><\/span>Hoy desde tempranas horas de la ma\u00f1ana se desarroll\u00f3 con \u00e9xito la\u00bb     \u00f3 \u00ab, organizada en cooperaci\u00f3n con la Direcci\u00f3n Regional de Trabajo, con m\u00e1s de 100 vacantes de empleo ofrecidas por m\u00e1s de 15 empresas. <span class=\"html-span xexx8yu xyri2b x18d9i69 x1c1uobl x1hl2dhg x16tdsg8 x1vvkbs x3nfvp2 x1j61x8r x1fcty0u xdj266r xat24cr xm2jcoa x1mpyi22 xxymvpz xlup9mm x1kky2od\"><img loading=\"lazy\" decoding=\"async\" class=\"xz74otr x15mokao x1ga7v0g x16uus16 xbiv7yw\" src=\"https:\/\/static.xx.fbcdn.net\/images\/emoji.php\/v9\/td\/1\/16\/1f4bc.png\" alt=\"\" width=\"16\" height=\"16\" \/><\/span><span class=\"html-span xexx8yu xyri2b x18d9i69 x1c1uobl x1hl2dhg x16tdsg8 x1vvkbs x3nfvp2 x1j61x8r x1fcty0u xdj266r xat24cr xm2jcoa x1mpyi22 xxymvpz xlup9mm x1kky2od\"><img loading=\"lazy\" decoding=\"async\" class=\"xz74otr x15mokao x1ga7v0g x16uus16 xbiv7yw\" src=\"https:\/\/static.xx.fbcdn.net\/images\/emoji.php\/v9\/tc6\/1\/16\/1f680.png\" alt=\"\" width=\"16\" height=\"16\" \/><\/span><\/div>\n<div dir=\"auto\">Agradecemos a todas las instituciones y a los j\u00f3venes por su participaci\u00f3n en este importante evento.<\/div>\n<\/div>\n<div dir=\"auto\"><\/div>\n<\/div>\n<div dir=\"auto\"><img loading=\"lazy\" decoding=\"async\" class=\"alignnone size-full wp-image-10072\" src=\"https:\/\/muniabancay.gob.pe\/web\/wp-content\/uploads\/2025\/08\/540423732_1189920499828558_4455055307075089126_n.jpg\" alt=\"\" width=\"2048\" height=\"1366\" srcset=\"https:\/\/muniabancay.gob.pe\/web\/wp-content\/uploads\/2025\/08\/540423732_1189920499828558_4455055307075089126_n.jpg 2048w, https:\/\/muniabancay.gob.pe\/web\/wp-content\/uploads\/2025\/08\/540423732_1189920499828558_4455055307075089126_n-300x200.jpg 300w, https:\/\/muniabancay.gob.pe\/web\/wp-content\/uploads\/2025\/08\/540423732_1189920499828558_4455055307075089126_n-1024x683.jpg 1024w, https:\/\/muniabancay.gob.pe\/web\/wp-content\/uploads\/2025\/08\/540423732_1189920499828558_4455055307075089126_n-768x512.jpg 768w, https:\/\/muniabancay.gob.pe\/web\/wp-content\/uploads\/2025\/08\/540423732_1189920499828558_4455055307075089126_n-391x260.jpg 391w, https:\/\/muniabancay.gob.pe\/web\/wp-content\/uploads\/2025\/08\/540423732_1189920499828558_4455055307075089126_n-1536x1025.jpg 1536w, https:\/\/muniabancay.gob.pe\/web\/wp-content\/uploads\/2025\/08\/540423732_1189920499828558_4455055307075089126_n-600x400.jpg 600w\" sizes=\"auto, (max-width: 2048px) 100vw, 2048px\" \/><\/div>\n<\/div>\n<\/div>\n<\/div>\n<\/div>\n<div dir=\"auto\"><img loading=\"lazy\" decoding=\"async\" class=\"alignnone size-full\" src=\"https:\/\/scontent.flim24-1.fna.fbcdn.net\/v\/t39.30808-6\/541430557_1189920813161860_7188866543041342331_n.jpg?_nc_cat=110&amp;ccb=1-7&amp;_nc_sid=127cfc&amp;_nc_eui2=AeErAj-Ng1ITQ0ZFLbrp3uD1vmZNvpqpdNS-Zk2-mql01MrpleYWCXowzzO6tf34Yu6kYlLFfWp5PpZV_wgJ6SSw&amp;_nc_ohc=4-StZDoOT_sQ7kNvwFbmGMN&amp;_nc_oc=AdkukbTAP3e97Ws6YH5xqN2XwUSU80ds07vQvwzWcBDX1gF8vcAaHSXFcYjVaiCER6Q&amp;_nc_zt=23&amp;_nc_ht=scontent.flim24-1.fna&amp;_nc_gid=69w-6hyKCv65jebSyP0ZHg&amp;oh=00_AfWzsiyvF8VA81r113Ji4Exll_kNhe1IN5uni6qI9NUFKw&amp;oe=68B8C9D7\" width=\"2048\" height=\"1366\" \/><\/div>\n<\/div>\n<\/div>\n<div class=\"x11i5rnm xat24cr x1mh8g0r x1vvkbs xtlvy1s x126k92a\"><img loading=\"lazy\" decoding=\"async\" class=\"alignnone size-full\" src=\"https:\/\/scontent.flim24-1.fna.fbcdn.net\/v\/t39.30808-6\/541180525_1189920973161844_9171215437941362107_n.jpg?_nc_cat=108&amp;ccb=1-7&amp;_nc_sid=127cfc&amp;_nc_eui2=AeEJWnf-cmEmWZ7jebxf3qgqbEKbbeZtyPtsQptt5m3I-__WB5TwdSrIMzOVYB5C36ARlYsHsC_NcjGaQnXJrLT2&amp;_nc_ohc=C9F_O6aAx20Q7kNvwG_Okud&amp;_nc_oc=AdlvZYkEXt-Y6pwlhvlxCzzfRBNhRQ-MqnnlvC62UdVBoM3cpJXLACUaguySbNJUGuI&amp;_nc_zt=23&amp;_nc_ht=scontent.flim24-1.fna&amp;_nc_gid=q8LyiYYqEdPhy9egMimPbg&amp;oh=00_AfVeZ_-o5koBqTZl1DdMZpkZFjAo-ZuerzE7rh9PlyiZMg&amp;oe=68B8C1DB\" width=\"2048\" height=\"1366\" \/><\/div>\n<div class=\"x11i5rnm xat24cr x1mh8g0r x1vvkbs xtlvy1s x126k92a\">\n<div dir=\"auto\"><img loading=\"lazy\" decoding=\"async\" class=\"alignnone size-full\" src=\"https:\/\/scontent.flim24-1.fna.fbcdn.net\/v\/t39.30808-6\/540461087_1189920689828539_3563951111720681121_n.jpg?_nc_cat=105&amp;ccb=1-7&amp;_nc_sid=127cfc&amp;_nc_eui2=AeF4a7oLQ3613G6g6WZiBrN8axWbt_fmcqhrFZu39-ZyqMUGmFlMBpTnGy23B5arAncyS51Vb2Bp0QAQXCttYvbw&amp;_nc_ohc=ufoWaGF-Nb8Q7kNvwHmlhaZ&amp;_nc_oc=AdkOrsDeTNWQyb2qfD0xd7NcY5pwZDUPOxinX04pxV8nHBuMAoktkpVzl3CFoPaEARo&amp;_nc_zt=23&amp;_nc_ht=scontent.flim24-1.fna&amp;_nc_gid=LZAr-T-8jBbwnVs8wQaaCA&amp;oh=00_AfUJREoTC1wdMlU6owW2OcjAKtmMXl5-0hcOYqKyqWAu2g&amp;oe=68B8DF0C\" width=\"2048\" height=\"1366\" \/><\/div>\n<div dir=\"auto\"><img loading=\"lazy\" decoding=\"async\" class=\"alignnone size-full\" src=\"https:\/\/scontent.flim24-1.fna.fbcdn.net\/v\/t39.30808-6\/541423571_1189920519828556_2999124178658928751_n.jpg?_nc_cat=103&amp;ccb=1-7&amp;_nc_sid=127cfc&amp;_nc_eui2=AeH-Dex0oqOCPt5tmJXPI3AM3hbz5edQhVDeFvPl51CFUCilP7O-52tsj391ibEF47udt9OZaY1hABc9T-TvpIqG&amp;_nc_ohc=A3UwPW4mHUsQ7kNvwGdTyPw&amp;_nc_oc=AdlJL0C37YcfoOGYbYeZThGB8EXC9AjFFnZs-0heKiK1MpCO-lTHzh3jwqOmawCyzU8&amp;_nc_zt=23&amp;_nc_ht=scontent.flim24-1.fna&amp;_nc_gid=EVLzKHRJs5ii4R0wDbFAMg&amp;oh=00_AfU8nfBTX6nflbWl7Yr3S0AHuEB9k0oVOXR5Ip9pF2LFiw&amp;oe=68B8E509\" width=\"2048\" height=\"1366\" \/><\/div>\n<\/div>\n<\/div>\n<\/div>\n<\/div>\n<div class=\"x11i5rnm xat24cr x1mh8g0r x1vvkbs xtlvy1s x126k92a\">\n<div dir=\"auto\"><img loading=\"lazy\" decoding=\"async\" class=\"alignnone size-full\" src=\"https:\/\/scontent.flim24-1.fna.fbcdn.net\/v\/t39.30808-6\/539633892_1189920563161885_4675583691777425506_n.jpg?_nc_cat=101&amp;ccb=1-7&amp;_nc_sid=127cfc&amp;_nc_eui2=AeEMQHEcxhRjFvPKRfN7LiM92l2pzvZ6g2LaXanO9nqDYh_77XrMmdZ7h3vbtyGNCdjlQfH0IyV64Wvuzz6gu7rr&amp;_nc_ohc=wP3qvh54zZoQ7kNvwGp4U0E&amp;_nc_oc=AdlpCA6Q5ymrRtZShGX1mSGREPJaJdBUDkP9HYXChHhojXTftea1o10PzbjcN440vdw&amp;_nc_zt=23&amp;_nc_ht=scontent.flim24-1.fna&amp;_nc_gid=m30mkEFClMckWcWFzLFE3w&amp;oh=00_AfVsMvFnOLAi07NyBN848i71U2WobXHw4fy-0BH5uRXYNg&amp;oe=68B8F5A1\" width=\"2048\" height=\"1366\" \/><\/div>\n<\/div>\n<\/div>\n<div dir=\"auto\"><\/div>\n<\/div>\n<\/div>\n<\/div>\n<\/div>\n<div class=\"x11i5rnm xat24cr x1mh8g0r x1vvkbs xtlvy1s x126k92a\">\n<div dir=\"auto\"><\/div>\n<\/div>\n<\/div>\n<\/div>\n<\/div>\n<\/div>\n<\/div>\n<\/div>\n<div class=\"x11i5rnm xat24cr x1mh8g0r x1vvkbs xtlvy1s x126k92a\">\n<div dir=\"auto\"><\/div>\n<\/div>\n<\/div>\n<\/div>\n<\/div>\n<\/div>\n<div class=\"x11i5rnm xat24cr x1mh8g0r x1vvkbs xtlvy1s x126k92a\">\n<div dir=\"auto\"><\/div>\n<\/div>\n<\/div>\n<\/div>\n<\/div>\n<\/div>\n<\/div>\n<\/div>\n<\/div>\n<\/div>\n<\/div>\n<\/div>\n<\/div>\n<\/div>\n<\/div>\n<\/div>\n<\/div>\n<\/div>\n<\/div>\n<\/div>\n<\/div>\n<\/div>\n<\/div>\n<\/div>\n<\/div>\n<\/div>\n<\/div>\n<\/div>\n<\/div>\n<\/div>\n<\/div>\n<\/div>\n<\/div>\n<\/div>\n<\/div>\n<\/div>\n<\/div>\n<\/div>\n<\/div>\n<\/div>\n<\/div>\n<\/div>\n<\/div>\n<\/div>\n<\/div>\n<\/div>\n<\/div>\n<\/div>\n<\/div>\n<\/div>\n<\/div>\n<\/div>\n<\/div>\n<\/div>\n<\/div>\n<\/div>\n<\/div>\n<\/div>\n<\/div>\n<\/div>\n<\/div>\n<\/div>\n<\/div>\n<\/div>\n<\/div>\n<\/div>\n<\/div>\n<\/div>\n<\/div>\n<\/div>\n<\/div>\n<\/div>\n<\/div>\n<\/div>\n<\/div>\n<\/div>\n<\/div>\n<\/div>\n<\/div>\n<\/div>\n<\/div>\n<\/div>\n<\/div>\n<\/div>\n<\/div>\n<\/div>\n<\/div>\n<\/div>\n<\/div>\n<\/div>\n<\/div>\n<\/div>\n<\/div>\n<\/div>\n<\/div>\n<\/div>\n<\/div>\n<\/div>\n<\/div>\n<\/div>\n<\/div>\n<\/div>\n<\/div>\n<\/div>\n<\/div>\n<\/div>\n<\/div>\n<\/div>\n<\/div>\n<\/div>\n<\/div>\n<\/div>\n<\/div>\n<\/div>\n<\/div>\n<\/div>\n<\/div>\n<\/div>\n<\/div>\n<\/div>\n<\/div>\n<\/div>\n<\/div>\n<\/div>\n<\/div>\n<\/div>\n<\/div>\n<\/div>\n<\/div>\n<\/div>\n<\/div>\n<\/div>\n<\/div>\n<\/div>\n<\/div>\n<\/div>\n<\/div>\n<\/div>\n<\/div>\n<\/div>\n<\/div>\n<\/div>\n<\/div>\n<\/div>\n<\/div>\n<\/div>\n<\/div>\n<\/div>\n<\/div>\n<\/div>\n<\/div>\n<\/div>\n<\/div>\n<\/div>\n<\/div>\n<\/div>\n<\/div>\n<\/div>\n<\/div>\n<\/div>\n<\/div>\n<p>&nbsp;<\/p>\n","protected":false},"excerpt":{"rendered":"<p>Hoy desde tempranas horas de la ma\u00f1ana se desarroll\u00f3 con \u00e9xito la\u00bb \u00f3 \u00ab, organizada en cooperaci\u00f3n con la Direcci\u00f3n Regional de Trabajo, con m\u00e1s de 100 vacantes de empleo ofrecidas por m\u00e1s de 15 empresas. Agradecemos a todas las instituciones y a los j\u00f3venes por su participaci\u00f3n en este importante evento. &nbsp;<\/p>\n","protected":false},"author":1,"featured_media":10072,"comment_status":"closed","ping_status":"open","sticky":false,"template":"","format":"standard","meta":{"footnotes":""},"categories":[20],"tags":[78,79],"class_list":["post-10065","post","type-post","status-publish","format-standard","has-post-thumbnail","hentry","category-noticias","tag-abancay","tag-poblacion"],"yoast_head":"<!-- This site is optimized with the Yoast SEO plugin v21.8 - https:\/\/yoast.com\/wordpress\/plugins\/seo\/ -->\n<title>Expo Feria Laboral y de Orientaci\u00f3n Vocacional - Municipalidad Provincial de Abancay<\/title>\n<meta name=\"robots\" content=\"index, follow, max-snippet:-1, max-image-preview:large, max-video-preview:-1\" \/>\n<link rel=\"canonical\" href=\"https:\/\/muniabancay.gob.pe\/web\/2025\/08\/29\/expo-feria-laboral-y-de-orientacion-vocacional\/\" \/>\n<meta property=\"og:locale\" content=\"es_ES\" \/>\n<meta property=\"og:type\" content=\"article\" \/>\n<meta property=\"og:title\" content=\"Expo Feria Laboral y de Orientaci\u00f3n Vocacional - Municipalidad Provincial de Abancay\" \/>\n<meta property=\"og:description\" content=\"Hoy desde tempranas horas de la ma\u00f1ana se desarroll\u00f3 con \u00e9xito la\u00bb \u00f3 \u00ab, organizada en cooperaci\u00f3n con la Direcci\u00f3n Regional de Trabajo, con m\u00e1s de 100 vacantes de empleo ofrecidas por m\u00e1s de 15 empresas. Agradecemos a todas las instituciones y a los j\u00f3venes por su participaci\u00f3n en este importante evento. &nbsp;\" \/>\n<meta property=\"og:url\" content=\"https:\/\/muniabancay.gob.pe\/web\/2025\/08\/29\/expo-feria-laboral-y-de-orientacion-vocacional\/\" \/>\n<meta property=\"og:site_name\" content=\"Municipalidad Provincial de Abancay\" \/>\n<meta property=\"article:publisher\" content=\"https:\/\/www.facebook.com\/profile.php?id=61551095133565\" \/>\n<meta property=\"article:published_time\" content=\"2025-08-29T20:25:24+00:00\" \/>\n<meta property=\"article:modified_time\" content=\"2025-08-30T14:27:21+00:00\" \/>\n<meta property=\"og:image\" content=\"https:\/\/muniabancay.gob.pe\/web\/wp-content\/uploads\/2025\/08\/540423732_1189920499828558_4455055307075089126_n.jpg\" \/>\n\t<meta property=\"og:image:width\" content=\"2048\" \/>\n\t<meta property=\"og:image:height\" content=\"1366\" \/>\n\t<meta property=\"og:image:type\" content=\"image\/jpeg\" \/>\n<meta name=\"author\" content=\"administrador\" \/>\n<meta name=\"twitter:card\" content=\"summary_large_image\" \/>\n<meta name=\"twitter:label1\" content=\"Written by\" \/>\n\t<meta name=\"twitter:data1\" content=\"administrador\" \/>\n\t<meta name=\"twitter:label2\" content=\"Est. reading time\" \/>\n\t<meta name=\"twitter:data2\" content=\"3 minutos\" \/>\n<script type=\"application\/ld+json\" class=\"yoast-schema-graph\">{\"@context\":\"https:\/\/schema.org\",\"@graph\":[{\"@type\":\"Article\",\"@id\":\"https:\/\/muniabancay.gob.pe\/web\/2025\/08\/29\/expo-feria-laboral-y-de-orientacion-vocacional\/#article\",\"isPartOf\":{\"@id\":\"https:\/\/muniabancay.gob.pe\/web\/2025\/08\/29\/expo-feria-laboral-y-de-orientacion-vocacional\/\"},\"author\":{\"name\":\"administrador\",\"@id\":\"https:\/\/muniabancay.gob.pe\/web\/#\/schema\/person\/a546ce53925da8a15f1d4aee16d2c7b4\"},\"headline\":\"Expo Feria Laboral y de Orientaci\u00f3n Vocacional\",\"datePublished\":\"2025-08-29T20:25:24+00:00\",\"dateModified\":\"2025-08-30T14:27:21+00:00\",\"mainEntityOfPage\":{\"@id\":\"https:\/\/muniabancay.gob.pe\/web\/2025\/08\/29\/expo-feria-laboral-y-de-orientacion-vocacional\/\"},\"wordCount\":64,\"publisher\":{\"@id\":\"https:\/\/muniabancay.gob.pe\/web\/#organization\"},\"keywords\":[\"Abancay\",\"Poblaci\u00f3n\"],\"articleSection\":[\"Noticias\"],\"inLanguage\":\"es-PE\"},{\"@type\":\"WebPage\",\"@id\":\"https:\/\/muniabancay.gob.pe\/web\/2025\/08\/29\/expo-feria-laboral-y-de-orientacion-vocacional\/\",\"url\":\"https:\/\/muniabancay.gob.pe\/web\/2025\/08\/29\/expo-feria-laboral-y-de-orientacion-vocacional\/\",\"name\":\"Expo Feria Laboral y de Orientaci\u00f3n Vocacional - Municipalidad Provincial de Abancay\",\"isPartOf\":{\"@id\":\"https:\/\/muniabancay.gob.pe\/web\/#website\"},\"datePublished\":\"2025-08-29T20:25:24+00:00\",\"dateModified\":\"2025-08-30T14:27:21+00:00\",\"breadcrumb\":{\"@id\":\"https:\/\/muniabancay.gob.pe\/web\/2025\/08\/29\/expo-feria-laboral-y-de-orientacion-vocacional\/#breadcrumb\"},\"inLanguage\":\"es-PE\",\"potentialAction\":[{\"@type\":\"ReadAction\",\"target\":[\"https:\/\/muniabancay.gob.pe\/web\/2025\/08\/29\/expo-feria-laboral-y-de-orientacion-vocacional\/\"]}]},{\"@type\":\"BreadcrumbList\",\"@id\":\"https:\/\/muniabancay.gob.pe\/web\/2025\/08\/29\/expo-feria-laboral-y-de-orientacion-vocacional\/#breadcrumb\",\"itemListElement\":[{\"@type\":\"ListItem\",\"position\":1,\"name\":\"Portada\",\"item\":\"https:\/\/muniabancay.gob.pe\/web\/\"},{\"@type\":\"ListItem\",\"position\":2,\"name\":\"Expo Feria Laboral y de Orientaci\u00f3n Vocacional\"}]},{\"@type\":\"WebSite\",\"@id\":\"https:\/\/muniabancay.gob.pe\/web\/#website\",\"url\":\"https:\/\/muniabancay.gob.pe\/web\/\",\"name\":\"Municipalidad Provincial de Abancay\",\"description\":\"MPA\",\"publisher\":{\"@id\":\"https:\/\/muniabancay.gob.pe\/web\/#organization\"},\"alternateName\":\"Municipalidad Provincial de Abancay\",\"potentialAction\":[{\"@type\":\"SearchAction\",\"target\":{\"@type\":\"EntryPoint\",\"urlTemplate\":\"https:\/\/muniabancay.gob.pe\/web\/?s={search_term_string}\"},\"query-input\":\"required name=search_term_string\"}],\"inLanguage\":\"es-PE\"},{\"@type\":\"Organization\",\"@id\":\"https:\/\/muniabancay.gob.pe\/web\/#organization\",\"name\":\"Municipalidad Provincial de Abancay\",\"alternateName\":\"Municipalidad Provincial de Abancay\",\"url\":\"https:\/\/muniabancay.gob.pe\/web\/\",\"logo\":{\"@type\":\"ImageObject\",\"inLanguage\":\"es-PE\",\"@id\":\"https:\/\/muniabancay.gob.pe\/web\/#\/schema\/logo\/image\/\",\"url\":\"https:\/\/muniabancay.gob.pe\/web\/wp-content\/uploads\/2023\/10\/logo_abc23.png\",\"contentUrl\":\"https:\/\/muniabancay.gob.pe\/web\/wp-content\/uploads\/2023\/10\/logo_abc23.png\",\"width\":699,\"height\":700,\"caption\":\"Municipalidad Provincial de Abancay\"},\"image\":{\"@id\":\"https:\/\/muniabancay.gob.pe\/web\/#\/schema\/logo\/image\/\"},\"sameAs\":[\"https:\/\/www.facebook.com\/profile.php?id=61551095133565\",\"https:\/\/www.tiktok.com\/@tiktokmuniabancay?_t=8cBFA7r1OHV&_r=1\"]},{\"@type\":\"Person\",\"@id\":\"https:\/\/muniabancay.gob.pe\/web\/#\/schema\/person\/a546ce53925da8a15f1d4aee16d2c7b4\",\"name\":\"administrador\",\"image\":{\"@type\":\"ImageObject\",\"inLanguage\":\"es-PE\",\"@id\":\"https:\/\/muniabancay.gob.pe\/web\/#\/schema\/person\/image\/\",\"url\":\"https:\/\/secure.gravatar.com\/avatar\/d91b6b272509bdfb13debe638095bca067743d84d1c2867ab3a6b6407fa1c9b0?s=96&d=mm&r=g\",\"contentUrl\":\"https:\/\/secure.gravatar.com\/avatar\/d91b6b272509bdfb13debe638095bca067743d84d1c2867ab3a6b6407fa1c9b0?s=96&d=mm&r=g\",\"caption\":\"administrador\"},\"sameAs\":[\"https:\/\/muniabancay.gob.pe\/web\"],\"url\":\"https:\/\/muniabancay.gob.pe\/web\/author\/administrador\/\"}]}<\/script>\n<!-- \/ Yoast SEO plugin. -->","yoast_head_json":{"title":"Expo Feria Laboral y de Orientaci\u00f3n Vocacional - Municipalidad Provincial de Abancay","robots":{"index":"index","follow":"follow","max-snippet":"max-snippet:-1","max-image-preview":"max-image-preview:large","max-video-preview":"max-video-preview:-1"},"canonical":"https:\/\/muniabancay.gob.pe\/web\/2025\/08\/29\/expo-feria-laboral-y-de-orientacion-vocacional\/","og_locale":"es_ES","og_type":"article","og_title":"Expo Feria Laboral y de Orientaci\u00f3n Vocacional - Municipalidad Provincial de Abancay","og_description":"Hoy desde tempranas horas de la ma\u00f1ana se desarroll\u00f3 con \u00e9xito la\u00bb \u00f3 \u00ab, organizada en cooperaci\u00f3n con la Direcci\u00f3n Regional de Trabajo, con m\u00e1s de 100 vacantes de empleo ofrecidas por m\u00e1s de 15 empresas. Agradecemos a todas las instituciones y a los j\u00f3venes por su participaci\u00f3n en este importante evento. &nbsp;","og_url":"https:\/\/muniabancay.gob.pe\/web\/2025\/08\/29\/expo-feria-laboral-y-de-orientacion-vocacional\/","og_site_name":"Municipalidad Provincial de Abancay","article_publisher":"https:\/\/www.facebook.com\/profile.php?id=61551095133565","article_published_time":"2025-08-29T20:25:24+00:00","article_modified_time":"2025-08-30T14:27:21+00:00","og_image":[{"width":2048,"height":1366,"url":"https:\/\/muniabancay.gob.pe\/web\/wp-content\/uploads\/2025\/08\/540423732_1189920499828558_4455055307075089126_n.jpg","type":"image\/jpeg"}],"author":"administrador","twitter_card":"summary_large_image","twitter_misc":{"Written by":"administrador","Est. reading time":"3 minutos"},"schema":{"@context":"https:\/\/schema.org","@graph":[{"@type":"Article","@id":"https:\/\/muniabancay.gob.pe\/web\/2025\/08\/29\/expo-feria-laboral-y-de-orientacion-vocacional\/#article","isPartOf":{"@id":"https:\/\/muniabancay.gob.pe\/web\/2025\/08\/29\/expo-feria-laboral-y-de-orientacion-vocacional\/"},"author":{"name":"administrador","@id":"https:\/\/muniabancay.gob.pe\/web\/#\/schema\/person\/a546ce53925da8a15f1d4aee16d2c7b4"},"headline":"Expo Feria Laboral y de Orientaci\u00f3n Vocacional","datePublished":"2025-08-29T20:25:24+00:00","dateModified":"2025-08-30T14:27:21+00:00","mainEntityOfPage":{"@id":"https:\/\/muniabancay.gob.pe\/web\/2025\/08\/29\/expo-feria-laboral-y-de-orientacion-vocacional\/"},"wordCount":64,"publisher":{"@id":"https:\/\/muniabancay.gob.pe\/web\/#organization"},"keywords":["Abancay","Poblaci\u00f3n"],"articleSection":["Noticias"],"inLanguage":"es-PE"},{"@type":"WebPage","@id":"https:\/\/muniabancay.gob.pe\/web\/2025\/08\/29\/expo-feria-laboral-y-de-orientacion-vocacional\/","url":"https:\/\/muniabancay.gob.pe\/web\/2025\/08\/29\/expo-feria-laboral-y-de-orientacion-vocacional\/","name":"Expo Feria Laboral y de Orientaci\u00f3n Vocacional - Municipalidad Provincial de Abancay","isPartOf":{"@id":"https:\/\/muniabancay.gob.pe\/web\/#website"},"datePublished":"2025-08-29T20:25:24+00:00","dateModified":"2025-08-30T14:27:21+00:00","breadcrumb":{"@id":"https:\/\/muniabancay.gob.pe\/web\/2025\/08\/29\/expo-feria-laboral-y-de-orientacion-vocacional\/#breadcrumb"},"inLanguage":"es-PE","potentialAction":[{"@type":"ReadAction","target":["https:\/\/muniabancay.gob.pe\/web\/2025\/08\/29\/expo-feria-laboral-y-de-orientacion-vocacional\/"]}]},{"@type":"BreadcrumbList","@id":"https:\/\/muniabancay.gob.pe\/web\/2025\/08\/29\/expo-feria-laboral-y-de-orientacion-vocacional\/#breadcrumb","itemListElement":[{"@type":"ListItem","position":1,"name":"Portada","item":"https:\/\/muniabancay.gob.pe\/web\/"},{"@type":"ListItem","position":2,"name":"Expo Feria Laboral y de Orientaci\u00f3n Vocacional"}]},{"@type":"WebSite","@id":"https:\/\/muniabancay.gob.pe\/web\/#website","url":"https:\/\/muniabancay.gob.pe\/web\/","name":"Municipalidad Provincial de Abancay","description":"MPA","publisher":{"@id":"https:\/\/muniabancay.gob.pe\/web\/#organization"},"alternateName":"Municipalidad Provincial de Abancay","potentialAction":[{"@type":"SearchAction","target":{"@type":"EntryPoint","urlTemplate":"https:\/\/muniabancay.gob.pe\/web\/?s={search_term_string}"},"query-input":"required name=search_term_string"}],"inLanguage":"es-PE"},{"@type":"Organization","@id":"https:\/\/muniabancay.gob.pe\/web\/#organization","name":"Municipalidad Provincial de Abancay","alternateName":"Municipalidad Provincial de Abancay","url":"https:\/\/muniabancay.gob.pe\/web\/","logo":{"@type":"ImageObject","inLanguage":"es-PE","@id":"https:\/\/muniabancay.gob.pe\/web\/#\/schema\/logo\/image\/","url":"https:\/\/muniabancay.gob.pe\/web\/wp-content\/uploads\/2023\/10\/logo_abc23.png","contentUrl":"https:\/\/muniabancay.gob.pe\/web\/wp-content\/uploads\/2023\/10\/logo_abc23.png","width":699,"height":700,"caption":"Municipalidad Provincial de Abancay"},"image":{"@id":"https:\/\/muniabancay.gob.pe\/web\/#\/schema\/logo\/image\/"},"sameAs":["https:\/\/www.facebook.com\/profile.php?id=61551095133565","https:\/\/www.tiktok.com\/@tiktokmuniabancay?_t=8cBFA7r1OHV&_r=1"]},{"@type":"Person","@id":"https:\/\/muniabancay.gob.pe\/web\/#\/schema\/person\/a546ce53925da8a15f1d4aee16d2c7b4","name":"administrador","image":{"@type":"ImageObject","inLanguage":"es-PE","@id":"https:\/\/muniabancay.gob.pe\/web\/#\/schema\/person\/image\/","url":"https:\/\/secure.gravatar.com\/avatar\/d91b6b272509bdfb13debe638095bca067743d84d1c2867ab3a6b6407fa1c9b0?s=96&d=mm&r=g","contentUrl":"https:\/\/secure.gravatar.com\/avatar\/d91b6b272509bdfb13debe638095bca067743d84d1c2867ab3a6b6407fa1c9b0?s=96&d=mm&r=g","caption":"administrador"},"sameAs":["https:\/\/muniabancay.gob.pe\/web"],"url":"https:\/\/muniabancay.gob.pe\/web\/author\/administrador\/"}]}},"_links":{"self":[{"href":"https:\/\/muniabancay.gob.pe\/web\/wp-json\/wp\/v2\/posts\/10065","targetHints":{"allow":["GET"]}}],"collection":[{"href":"https:\/\/muniabancay.gob.pe\/web\/wp-json\/wp\/v2\/posts"}],"about":[{"href":"https:\/\/muniabancay.gob.pe\/web\/wp-json\/wp\/v2\/types\/post"}],"author":[{"embeddable":true,"href":"https:\/\/muniabancay.gob.pe\/web\/wp-json\/wp\/v2\/users\/1"}],"replies":[{"embeddable":true,"href":"https:\/\/muniabancay.gob.pe\/web\/wp-json\/wp\/v2\/comments?post=10065"}],"version-history":[{"count":1,"href":"https:\/\/muniabancay.gob.pe\/web\/wp-json\/wp\/v2\/posts\/10065\/revisions"}],"predecessor-version":[{"id":10073,"href":"https:\/\/muniabancay.gob.pe\/web\/wp-json\/wp\/v2\/posts\/10065\/revisions\/10073"}],"wp:featuredmedia":[{"embeddable":true,"href":"https:\/\/muniabancay.gob.pe\/web\/wp-json\/wp\/v2\/media\/10072"}],"wp:attachment":[{"href":"https:\/\/muniabancay.gob.pe\/web\/wp-json\/wp\/v2\/media?parent=10065"}],"wp:term":[{"taxonomy":"category","embeddable":true,"href":"https:\/\/muniabancay.gob.pe\/web\/wp-json\/wp\/v2\/categories?post=10065"},{"taxonomy":"post_tag","embeddable":true,"href":"https:\/\/muniabancay.gob.pe\/web\/wp-json\/wp\/v2\/tags?post=10065"}],"curies":[{"name":"wp","href":"https:\/\/api.w.org\/{rel}","templated":true}]}}