{"id":12663,"date":"2026-08-12T09:28:18","date_gmt":"2026-08-12T14:28:18","guid":{"rendered":"https:\/\/muniabancay.gob.pe\/web\/?p=12663"},"modified":"2026-08-12T09:28:18","modified_gmt":"2026-08-12T14:28:18","slug":"abancay-da-un-paso-decisivo-para-hacer-realidad-su-parque-mecanico-industrial","status":"publish","type":"post","link":"https:\/\/muniabancay.gob.pe\/web\/2026\/08\/12\/abancay-da-un-paso-decisivo-para-hacer-realidad-su-parque-mecanico-industrial\/","title":{"rendered":"ABANCAY DA UN PASO DECISIVO PARA HACER REALIDAD SU PARQUE MEC\u00c1NICO INDUSTRIAL"},"content":{"rendered":"<div class=\"x11i5rnm xat24cr x1mh8g0r x1vvkbs xtlvy1s x126k92a\">\n<div dir=\"auto\">\n<div class=\"x11i5rnm xat24cr x1mh8g0r x1vvkbs xtlvy1s x126k92a\">\n<div dir=\"auto\">\n<div class=\"x11i5rnm xat24cr x1mh8g0r x1vvkbs xtlvy1s x126k92a\">\n<div dir=\"auto\">\n<div class=\"x11i5rnm xat24cr x1mh8g0r x1vvkbs xtlvy1s x126k92a\">\n<div dir=\"auto\">\n<div class=\"x11i5rnm xat24cr x1mh8g0r x1vvkbs xtlvy1s x126k92a\">\n<div dir=\"auto\">\n<div dir=\"auto\">\n<div class=\"x11i5rnm xat24cr x1mh8g0r x1vvkbs xtlvy1s x126k92a\">\n<div dir=\"auto\">\n<div class=\"x11i5rnm xat24cr x1mh8g0r x1vvkbs xtlvy1s x126k92a\">\n<div dir=\"auto\">\n<div class=\"x11i5rnm xat24cr x1mh8g0r x1vvkbs xtlvy1s x126k92a\">\n<div dir=\"auto\">\n<div class=\"x11i5rnm xat24cr x1mh8g0r x1vvkbs xtlvy1s x126k92a\">\n<div dir=\"auto\">\n<div class=\"x11i5rnm xat24cr x1mh8g0r x1vvkbs xtlvy1s x126k92a\">\n<div dir=\"auto\">\n<div class=\"x11i5rnm xat24cr x1mh8g0r x1vvkbs xtlvy1s x126k92a\">\n<div dir=\"auto\">\n<div dir=\"auto\">\n<div dir=\"auto\">\n<div class=\"x11i5rnm xat24cr x1mh8g0r x1vvkbs xtlvy1s x126k92a\">\n<div dir=\"auto\">\n<div class=\"x11i5rnm xat24cr x1mh8g0r x1vvkbs xtlvy1s x126k92a\">\n<div dir=\"auto\">\n<div class=\"x11i5rnm xat24cr x1mh8g0r x1vvkbs xtlvy1s x126k92a\">\n<div dir=\"auto\">\n<div dir=\"auto\">\n<div class=\"x11i5rnm xat24cr x1mh8g0r x1vvkbs xtlvy1s x126k92a\">\n<div dir=\"auto\">\n<div class=\"x11i5rnm xat24cr x1mh8g0r x1vvkbs xtlvy1s x126k92a\">\n<div dir=\"auto\">\n<div dir=\"auto\">\n<div class=\"x11i5rnm xat24cr x1mh8g0r x1vvkbs xtlvy1s x126k92a\">\n<div dir=\"auto\">\n<div class=\"x11i5rnm xat24cr x1mh8g0r x1vvkbs xtlvy1s x126k92a\">\n<div dir=\"auto\">\n<div class=\"x11i5rnm xat24cr x1mh8g0r x1vvkbs xtlvy1s x126k92a\">\n<div dir=\"auto\">\n<div class=\"x11i5rnm xat24cr x1mh8g0r x1vvkbs xtlvy1s x126k92a\">\n<div dir=\"auto\">\n<div class=\"x11i5rnm xat24cr x1mh8g0r x1vvkbs xtlvy1s x126k92a\">\n<div dir=\"auto\">\n<div class=\"x11i5rnm xat24cr x1mh8g0r x1vvkbs xtlvy1s x126k92a\">\n<div dir=\"auto\">\n<div class=\"x11i5rnm xat24cr x1mh8g0r x1vvkbs xtlvy1s x126k92a\">\n<div dir=\"auto\">\n<div class=\"x11i5rnm xat24cr x1mh8g0r x1vvkbs xtlvy1s x126k92a\">\n<div dir=\"auto\">\n<div class=\"x11i5rnm xat24cr x1mh8g0r x1vvkbs xtlvy1s x126k92a\">\n<div dir=\"auto\">\n<div class=\"x11i5rnm xat24cr x1mh8g0r x1vvkbs xtlvy1s x126k92a\">\n<div dir=\"auto\">\n<div class=\"x11i5rnm xat24cr x1mh8g0r x1vvkbs xtlvy1s x126k92a\">\n<div dir=\"auto\">\n<div class=\"x11i5rnm xat24cr x1mh8g0r x1vvkbs xtlvy1s x126k92a\">\n<div dir=\"auto\">\n<div class=\"x11i5rnm xat24cr x1mh8g0r x1vvkbs xtlvy1s x126k92a\">\n<div dir=\"auto\">\n<div class=\"x11i5rnm xat24cr x1mh8g0r x1vvkbs xtlvy1s x126k92a\">\n<div dir=\"auto\">\n<div class=\"x11i5rnm xat24cr x1mh8g0r x1vvkbs xtlvy1s x126k92a\">\n<div dir=\"auto\">\n<div class=\"x11i5rnm xat24cr x1mh8g0r x1vvkbs xtlvy1s x126k92a\">\n<div dir=\"auto\">\n<div class=\"x11i5rnm xat24cr x1mh8g0r x1vvkbs xtlvy1s x126k92a\">\n<div dir=\"auto\">\n<div dir=\"auto\">\n<div dir=\"auto\">\n<div class=\"x11i5rnm xat24cr x1mh8g0r x1vvkbs xtlvy1s x126k92a\">\n<div dir=\"auto\">\n<div class=\"x11i5rnm xat24cr x1mh8g0r x1vvkbs xtlvy1s x126k92a\">\n<div dir=\"auto\">\n<div class=\"x11i5rnm xat24cr x1mh8g0r x1vvkbs xtlvy1s x126k92a\">\n<div dir=\"auto\">\n<div class=\"x11i5rnm xat24cr x1mh8g0r x1vvkbs xtlvy1s x126k92a\">\n<div dir=\"auto\">\n<div dir=\"auto\">\n<div class=\"x11i5rnm xat24cr x1mh8g0r x1vvkbs xtlvy1s x126k92a\">\n<div dir=\"auto\">\n<div dir=\"auto\">\n<div class=\"x11i5rnm xat24cr x1mh8g0r x1vvkbs xtlvy1s x126k92a\">\n<div dir=\"auto\">\n<div class=\"x11i5rnm xat24cr x1mh8g0r x1vvkbs xtlvy1s x126k92a\">\n<div dir=\"auto\">\n<div class=\"x11i5rnm xat24cr x1mh8g0r x1vvkbs xtlvy1s x126k92a\">\n<div dir=\"auto\">\n<div class=\"x11i5rnm xat24cr x1mh8g0r x1vvkbs xtlvy1s x126k92a\">\n<div dir=\"auto\">\n<div class=\"x11i5rnm xat24cr x1mh8g0r x1vvkbs xtlvy1s x126k92a\">\n<div dir=\"auto\">\n<div class=\"x11i5rnm xat24cr x1mh8g0r x1vvkbs xtlvy1s x126k92a\">\n<div dir=\"auto\">\n<div dir=\"auto\">\n<div class=\"xdj266r x11i5rnm xat24cr x1mh8g0r x1vvkbs x126k92a\">\n<div dir=\"auto\">\n<div class=\"x11i5rnm xat24cr x1mh8g0r x1vvkbs xtlvy1s x126k92a\">\n<div dir=\"auto\">\n<div class=\"x11i5rnm xat24cr x1mh8g0r x1vvkbs xtlvy1s x126k92a\">\n<div dir=\"auto\">\n<div class=\"x11i5rnm xat24cr x1mh8g0r x1vvkbs xtlvy1s x126k92a\">\n<div dir=\"auto\">\n<div class=\"x11i5rnm xat24cr x1mh8g0r x1vvkbs xtlvy1s x126k92a\">\n<div dir=\"auto\">\n<div dir=\"auto\">\n<div class=\"x11i5rnm xat24cr x1mh8g0r x1vvkbs xtlvy1s x126k92a\">\n<div dir=\"auto\">\n<div dir=\"auto\">\n<div class=\"x11i5rnm xat24cr x1mh8g0r x1vvkbs xtlvy1s x126k92a\">\n<div dir=\"auto\">\n<div dir=\"auto\">\n<div dir=\"auto\">\n<div class=\"x11i5rnm xat24cr x1mh8g0r x1vvkbs xtlvy1s x126k92a\">\n<div dir=\"auto\">\n<div class=\"x11i5rnm xat24cr x1mh8g0r x1vvkbs xtlvy1s x126k92a\">\n<div dir=\"auto\">\n<div class=\"x11i5rnm xat24cr x1mh8g0r x1vvkbs xtlvy1s x126k92a\">\n<div dir=\"auto\">\n<div dir=\"auto\">\n<div dir=\"auto\">\n<div dir=\"auto\">\n<div class=\"x11i5rnm xat24cr x1mh8g0r x1vvkbs xtlvy1s x126k92a\">\n<div dir=\"auto\">\n<div class=\"x11i5rnm xat24cr x1mh8g0r x1vvkbs xtlvy1s x126k92a\">\n<div dir=\"auto\">\n<div class=\"xdj266r x11i5rnm xat24cr x1mh8g0r x1vvkbs x126k92a\">\n<div dir=\"auto\">\n<div class=\"x11i5rnm xat24cr x1mh8g0r x1vvkbs xtlvy1s x126k92a\">\n<div dir=\"auto\">\n<div dir=\"auto\">\n<div class=\"x11i5rnm xat24cr x1mh8g0r x1vvkbs xtlvy1s x126k92a\">\n<div dir=\"auto\">\n<div dir=\"auto\">\n<div dir=\"auto\">\n<div dir=\"auto\">\n<div class=\"x11i5rnm xat24cr x1mh8g0r x1vvkbs xtlvy1s x126k92a\">\n<div dir=\"auto\">\n<div dir=\"auto\">\n<div class=\"xdj266r x11i5rnm xat24cr x1mh8g0r x1vvkbs x126k92a\">\n<div dir=\"auto\">\n<div dir=\"auto\">\n<div class=\"x11i5rnm xat24cr x1mh8g0r x1vvkbs xtlvy1s x126k92a\">\n<div dir=\"auto\">\n<div class=\"x11i5rnm xat24cr x1mh8g0r x1vvkbs xtlvy1s x126k92a\">\n<div dir=\"auto\">\n<div class=\"x11i5rnm xat24cr x1mh8g0r x1vvkbs xtlvy1s x126k92a\">\n<div dir=\"auto\">\n<div class=\"x11i5rnm xat24cr x1mh8g0r x1vvkbs xtlvy1s x126k92a\">\n<div dir=\"auto\">\n<div dir=\"auto\">\n<div dir=\"auto\">\n<div class=\"x11i5rnm xat24cr x1mh8g0r x1vvkbs xtlvy1s x126k92a\">\n<div dir=\"auto\">\n<div class=\"xdj266r x11i5rnm xat24cr x1mh8g0r x1vvkbs x126k92a\">\n<div dir=\"auto\">\n<div class=\"xdj266r x11i5rnm xat24cr x1mh8g0r x1vvkbs x126k92a\">\n<div dir=\"auto\">\n<div class=\"x11i5rnm xat24cr x1mh8g0r x1vvkbs xtlvy1s x126k92a\">\n<div dir=\"auto\">\n<div class=\"x11i5rnm xat24cr x1mh8g0r x1vvkbs xtlvy1s x126k92a\">\n<div dir=\"auto\">\n<div class=\"xdj266r x11i5rnm xat24cr x1mh8g0r x1vvkbs x126k92a\">\n<div dir=\"auto\">\n<div class=\"xdj266r x11i5rnm xat24cr x1mh8g0r x1vvkbs x126k92a\">\n<div dir=\"auto\">\n<div class=\"xdj266r x11i5rnm xat24cr x1mh8g0r x1vvkbs x126k92a\">\n<div dir=\"auto\">\n<div class=\"x11i5rnm xat24cr x1mh8g0r x1vvkbs xtlvy1s x126k92a\">\n<div dir=\"auto\">\n<div dir=\"auto\">\n<div class=\"xdj266r x11i5rnm xat24cr x1mh8g0r x1vvkbs x126k92a\">\n<div dir=\"auto\">\n<div dir=\"auto\">\n<div class=\"x11i5rnm xat24cr x1mh8g0r x1vvkbs xtlvy1s x126k92a\">\n<div dir=\"auto\">\n<div dir=\"auto\">\n<div class=\"x11i5rnm xat24cr x1mh8g0r x1vvkbs xtlvy1s x126k92a\">\n<div dir=\"auto\">\n<div class=\"xdj266r x11i5rnm xat24cr x1mh8g0r x1vvkbs x126k92a\">\n<div dir=\"auto\">\n<div dir=\"auto\">\n<div class=\"x14z9mp xat24cr x1lziwak x1vvkbs xtlvy1s x126k92a\">\n<div dir=\"auto\">\n<div class=\"xdj266r x14z9mp xat24cr x1lziwak x1vvkbs x126k92a\">\n<div dir=\"auto\">\n<div dir=\"auto\">\n<div dir=\"auto\">\n<div dir=\"auto\">\n<div class=\"xdj266r x14z9mp xat24cr x1lziwak x1vvkbs x126k92a\">\n<div dir=\"auto\">\n<div class=\"xdj266r x14z9mp xat24cr x1lziwak x1vvkbs x126k92a\">\n<div dir=\"auto\">\n<div class=\"xdj266r x14z9mp xat24cr x1lziwak x1vvkbs x126k92a\">\n<div dir=\"auto\">MPA destinar\u00e1 cerca de S\/ 3 millones para pistas y veredas en un sector, que busca convertirse en un nuevo espacio para la actividad mec\u00e1nica, la inversi\u00f3n y la generaci\u00f3n de empleo.<\/div>\n<div dir=\"auto\">,,,,,,,,,,,,,,,,,,,,,,,,,,,,,,,,,,,,,,,,,,,,,,,,,,,,,,,,,,,,,,,,,,,,,,,,,,,,,,,,,,,,,,,,,,,,,,,,,,,,,,,,,,,,,,,,,,,,,,,,,,,,,,,,,,,,,,,,,,,,<\/div>\n<\/div>\n<div class=\"x14z9mp xat24cr x1lziwak x1vvkbs xtlvy1s x126k92a\">\n<div dir=\"auto\"><span class=\"html-span xexx8yu xyri2b x18d9i69 x1c1uobl x1hl2dhg x16tdsg8 x1vvkbs x3nfvp2 x1j61x8r x1fcty0u xdj266r xat24cr xm2jcoa x1mpyi22 xxymvpz xlup9mm x1kky2od\"><img loading=\"lazy\" decoding=\"async\" class=\"xz74otr x15mokao x1ga7v0g x16uus16 xbiv7yw\" src=\"https:\/\/static.xx.fbcdn.net\/images\/emoji.php\/v9\/t33\/1\/16\/2705.png\" alt=\"&#x2705;\" width=\"16\" height=\"16\" \/><\/span>La Municipalidad Provincial de Abancay (MPA) destinar\u00e1 cerca de S\/ 3 millones para la pavimentaci\u00f3n de pistas y veredas del Parque Mec\u00e1nico Industrial, una intervenci\u00f3n que busca poner en marcha este importante sector de la ciudad y, al mismo tiempo, avanzar en el ordenamiento de la actividad mec\u00e1nica y la descongesti\u00f3n de la Panamericana Sur.<\/div>\n<\/div>\n<div class=\"x14z9mp xat24cr x1lziwak x1vvkbs xtlvy1s x126k92a\">\n<div dir=\"auto\"><span class=\"html-span xexx8yu xyri2b x18d9i69 x1c1uobl x1hl2dhg x16tdsg8 x1vvkbs x3nfvp2 x1j61x8r x1fcty0u xdj266r xat24cr xm2jcoa x1mpyi22 xxymvpz xlup9mm x1kky2od\"><img loading=\"lazy\" decoding=\"async\" class=\"xz74otr x15mokao x1ga7v0g x16uus16 xbiv7yw\" src=\"https:\/\/static.xx.fbcdn.net\/images\/emoji.php\/v9\/t33\/1\/16\/2705.png\" alt=\"&#x2705;\" width=\"16\" height=\"16\" \/><\/span>El anuncio fue realizado por el alcalde durante una reuni\u00f3n con representantes de los mec\u00e1nicos e industriales, ante quienes ratific\u00f3 el compromiso asumido con el sector y asegur\u00f3 que la municipalidad garantizar\u00e1 el presupuesto necesario para ejecutar la obra.<\/div>\n<\/div>\n<div class=\"x14z9mp xat24cr x1lziwak x1vvkbs xtlvy1s x126k92a\">\n<div dir=\"auto\"><span class=\"html-span xexx8yu xyri2b x18d9i69 x1c1uobl x1hl2dhg x16tdsg8 x1vvkbs x3nfvp2 x1j61x8r x1fcty0u xdj266r xat24cr xm2jcoa x1mpyi22 xxymvpz xlup9mm x1kky2od\"><img loading=\"lazy\" decoding=\"async\" class=\"xz74otr x15mokao x1ga7v0g x16uus16 xbiv7yw\" src=\"https:\/\/static.xx.fbcdn.net\/images\/emoji.php\/v9\/t33\/1\/16\/2705.png\" alt=\"&#x2705;\" width=\"16\" height=\"16\" \/><\/span>La decisi\u00f3n apunta a generar las condiciones para que los servicios mec\u00e1nicos y automotrices que actualmente funcionan en distintos puntos de la ciudad puedan concentrarse progresivamente en un espacio planificado, con mejores accesos y condiciones adecuadas tanto para quienes desarrollan esta actividad como para los usuarios. \/\/\u201cTenemos que facilitar las condiciones que permitan que la ciudad se ordene\u201d \/\/, se\u00f1al\u00f3 el alcalde, al remarcar que el funcionamiento del Parque Mec\u00e1nico Industrial permitir\u00e1 contribuir a descongestionar la Panamericana Sur y mejorar la circulaci\u00f3n en uno de los principales ejes viales de Abancay.<\/div>\n<\/div>\n<div class=\"x14z9mp xat24cr x1lziwak x1vvkbs xtlvy1s x126k92a\">\n<div dir=\"auto\"><span class=\"html-span xexx8yu xyri2b x18d9i69 x1c1uobl x1hl2dhg x16tdsg8 x1vvkbs x3nfvp2 x1j61x8r x1fcty0u xdj266r xat24cr xm2jcoa x1mpyi22 xxymvpz xlup9mm x1kky2od\"><img loading=\"lazy\" decoding=\"async\" class=\"xz74otr x15mokao x1ga7v0g x16uus16 xbiv7yw\" src=\"https:\/\/static.xx.fbcdn.net\/images\/emoji.php\/v9\/t33\/1\/16\/2705.png\" alt=\"&#x2705;\" width=\"16\" height=\"16\" \/><\/span>En el sector existen m\u00e1s de 150 lotes adquiridos por sus propietarios, quienes proyectan instalar talleres, establecimientos y nuevas construcciones vinculadas a la actividad mec\u00e1nica e industrial. La ejecuci\u00f3n de las pistas y veredas permitir\u00e1 que estos terrenos puedan comenzar a desarrollarse y, con ello, se genere tambi\u00e9n un movimiento econ\u00f3mico alrededor de la construcci\u00f3n y la instalaci\u00f3n de nuevos negocios.<\/div>\n<\/div>\n<div class=\"x14z9mp xat24cr x1lziwak x1vvkbs xtlvy1s x126k92a\">\n<div dir=\"auto\"><span class=\"html-span xexx8yu xyri2b x18d9i69 x1c1uobl x1hl2dhg x16tdsg8 x1vvkbs x3nfvp2 x1j61x8r x1fcty0u xdj266r xat24cr xm2jcoa x1mpyi22 xxymvpz xlup9mm x1kky2od\"><img loading=\"lazy\" decoding=\"async\" class=\"xz74otr x15mokao x1ga7v0g x16uus16 xbiv7yw\" src=\"https:\/\/static.xx.fbcdn.net\/images\/emoji.php\/v9\/t33\/1\/16\/2705.png\" alt=\"&#x2705;\" width=\"16\" height=\"16\" \/><\/span>Para la autoridad municipal, el impacto de esta inversi\u00f3n no se limitar\u00e1 a la infraestructura. La construcci\u00f3n de los establecimientos demandar\u00e1 mano de obra y servicios, adem\u00e1s de materiales como piedra, arena, fierro y cemento, dinamizando distintas actividades econ\u00f3micas relacionadas con el crecimiento de este nuevo sector. \/\/\u201cCuando ustedes empiecen a construir sus viviendas y sus establecimientos se va a generar mano de obra y se va a dinamizar la econom\u00eda\u201d \/\/, sostuvo el alcalde durante el encuentro.<\/div>\n<\/div>\n<div class=\"x14z9mp xat24cr x1lziwak x1vvkbs xtlvy1s x126k92a\">\n<div dir=\"auto\"><span class=\"html-span xexx8yu xyri2b x18d9i69 x1c1uobl x1hl2dhg x16tdsg8 x1vvkbs x3nfvp2 x1j61x8r x1fcty0u xdj266r xat24cr xm2jcoa x1mpyi22 xxymvpz xlup9mm x1kky2od\"><img loading=\"lazy\" decoding=\"async\" class=\"xz74otr x15mokao x1ga7v0g x16uus16 xbiv7yw\" src=\"https:\/\/static.xx.fbcdn.net\/images\/emoji.php\/v9\/t33\/1\/16\/2705.png\" alt=\"&#x2705;\" width=\"16\" height=\"16\" \/><\/span>La propuesta forma parte de una visi\u00f3n m\u00e1s amplia de ordenamiento y crecimiento urbano. Durante su intervenci\u00f3n, el burgomaestre tambi\u00e9n se\u00f1al\u00f3 que la Municipalidad viene trabajando en nuevas alternativas de circulaci\u00f3n que permitan distribuir mejor el tr\u00e1nsito y reducir la presi\u00f3n que actualmente soportan las principales v\u00edas de Abancay.<\/div>\n<\/div>\n<div class=\"x14z9mp xat24cr x1lziwak x1vvkbs xtlvy1s x126k92a\">\n<div dir=\"auto\"><span class=\"html-span xexx8yu xyri2b x18d9i69 x1c1uobl x1hl2dhg x16tdsg8 x1vvkbs x3nfvp2 x1j61x8r x1fcty0u xdj266r xat24cr xm2jcoa x1mpyi22 xxymvpz xlup9mm x1kky2od\"><img loading=\"lazy\" decoding=\"async\" class=\"xz74otr x15mokao x1ga7v0g x16uus16 xbiv7yw\" src=\"https:\/\/static.xx.fbcdn.net\/images\/emoji.php\/v9\/t33\/1\/16\/2705.png\" alt=\"&#x2705;\" width=\"16\" height=\"16\" \/><\/span>En ese contexto, mencion\u00f3 las intervenciones proyectadas en sectores como San Gabriel, Pataypata, Illanya y Patibamba, as\u00ed como nuevas conexiones que permitan mejorar la salida desde Abancay y el ingreso desde las distintas provincias. Tambi\u00e9n hizo referencia a los trabajos previstos en las m\u00e1rgenes del r\u00edo Chinchichaca, como la ampliaci\u00f3n y recuperaci\u00f3n de espacios para consolidar un corredor vial que contribuya a mejorar la circulaci\u00f3n desde Vallecito el Olivo hacia la parte baja de la ciudad y su conexi\u00f3n con el r\u00edo Mari\u00f1o.<\/div>\n<\/div>\n<div class=\"x14z9mp xat24cr x1lziwak x1vvkbs xtlvy1s x126k92a\">\n<div dir=\"auto\"><span class=\"html-span xexx8yu xyri2b x18d9i69 x1c1uobl x1hl2dhg x16tdsg8 x1vvkbs x3nfvp2 x1j61x8r x1fcty0u xdj266r xat24cr xm2jcoa x1mpyi22 xxymvpz xlup9mm x1kky2od\"><img loading=\"lazy\" decoding=\"async\" class=\"xz74otr x15mokao x1ga7v0g x16uus16 xbiv7yw\" src=\"https:\/\/static.xx.fbcdn.net\/images\/emoji.php\/v9\/t33\/1\/16\/2705.png\" alt=\"&#x2705;\" width=\"16\" height=\"16\" \/><\/span>La intenci\u00f3n, explic\u00f3, es que estas intervenciones se complementen entre s\u00ed: mientras el Parque Mec\u00e1nico Industrial concentra una actividad que hoy genera movimiento vehicular en distintos puntos, las nuevas alternativas viales permitir\u00e1n distribuir mejor el tr\u00e1nsito y acompa\u00f1ar el crecimiento de la ciudad hacia otros sectores.<\/div>\n<\/div>\n<div class=\"x14z9mp xat24cr x1lziwak x1vvkbs xtlvy1s x126k92a\">\n<div dir=\"auto\"><span class=\"html-span xexx8yu xyri2b x18d9i69 x1c1uobl x1hl2dhg x16tdsg8 x1vvkbs x3nfvp2 x1j61x8r x1fcty0u xdj266r xat24cr xm2jcoa x1mpyi22 xxymvpz xlup9mm x1kky2od\"><img loading=\"lazy\" decoding=\"async\" class=\"xz74otr x15mokao x1ga7v0g x16uus16 xbiv7yw\" src=\"https:\/\/static.xx.fbcdn.net\/images\/emoji.php\/v9\/t33\/1\/16\/2705.png\" alt=\"&#x2705;\" width=\"16\" height=\"16\" \/><\/span>El alcalde record\u00f3 adem\u00e1s que la actual gesti\u00f3n ha tenido que asumir la culminaci\u00f3n de proyectos que fueron encontrados con avances parciales, destinando recursos municipales para evitar que permanezcan inconclusos. Por ejemplo, mencion\u00f3 el proyecto de Tablada, que -seg\u00fan explic\u00f3&#8212; presentaba aproximadamente un 30 % de ejecuci\u00f3n y requiri\u00f3 la inversi\u00f3n del presupuesto restante para garantizar su culminaci\u00f3n.<\/div>\n<\/div>\n<div class=\"x14z9mp xat24cr x1lziwak x1vvkbs xtlvy1s x126k92a\">\n<div dir=\"auto\"><span class=\"html-span xexx8yu xyri2b x18d9i69 x1c1uobl x1hl2dhg x16tdsg8 x1vvkbs x3nfvp2 x1j61x8r x1fcty0u xdj266r xat24cr xm2jcoa x1mpyi22 xxymvpz xlup9mm x1kky2od\"><img loading=\"lazy\" decoding=\"async\" class=\"xz74otr x15mokao x1ga7v0g x16uus16 xbiv7yw\" src=\"https:\/\/static.xx.fbcdn.net\/images\/emoji.php\/v9\/t33\/1\/16\/2705.png\" alt=\"&#x2705;\" width=\"16\" height=\"16\" \/><\/span>En ese escenario, se\u00f1al\u00f3 que la administraci\u00f3n municipal ha tenido que establecer prioridades y redistribuir el presupuesto de acuerdo con las necesidades de la poblaci\u00f3n y los compromisos asumidos durante la gesti\u00f3n. \/\/ \u201cNos eligen para cuatro a\u00f1os de gesti\u00f3n y nuestro compromiso es trabajar hasta el 31 de diciembre. Tenemos que redistribuir nuestro presupuesto y cumplir con los compromisos que hemos asumido\u201d \/\/, afirm\u00f3.<\/div>\n<\/div>\n<div class=\"x14z9mp xat24cr x1lziwak x1vvkbs xtlvy1s x126k92a\">\n<div dir=\"auto\"><span class=\"html-span xexx8yu xyri2b x18d9i69 x1c1uobl x1hl2dhg x16tdsg8 x1vvkbs x3nfvp2 x1j61x8r x1fcty0u xdj266r xat24cr xm2jcoa x1mpyi22 xxymvpz xlup9mm x1kky2od\"><img loading=\"lazy\" decoding=\"async\" class=\"xz74otr x15mokao x1ga7v0g x16uus16 xbiv7yw\" src=\"https:\/\/static.xx.fbcdn.net\/images\/emoji.php\/v9\/t33\/1\/16\/2705.png\" alt=\"&#x2705;\" width=\"16\" height=\"16\" \/><\/span>La intervenci\u00f3n del Parque Mec\u00e1nico Industrial tiene prevista su inauguraci\u00f3n para el 3 de noviembre, de acuerdo con lo anunciado durante la reuni\u00f3n. Para la MPA, la obra permitir\u00e1 que los propietarios puedan poner en valor los terrenos adquiridos y que el sector avance hacia su consolidaci\u00f3n como un espacio especializado para la actividad mec\u00e1nica e industrial.<\/div>\n<\/div>\n<div class=\"x14z9mp xat24cr x1lziwak x1vvkbs xtlvy1s x126k92a\">\n<div dir=\"auto\"><span class=\"html-span xexx8yu xyri2b x18d9i69 x1c1uobl x1hl2dhg x16tdsg8 x1vvkbs x3nfvp2 x1j61x8r x1fcty0u xdj266r xat24cr xm2jcoa x1mpyi22 xxymvpz xlup9mm x1kky2od\"><img loading=\"lazy\" decoding=\"async\" class=\"xz74otr x15mokao x1ga7v0g x16uus16 xbiv7yw\" src=\"https:\/\/static.xx.fbcdn.net\/images\/emoji.php\/v9\/t33\/1\/16\/2705.png\" alt=\"&#x2705;\" width=\"16\" height=\"16\" \/><\/span>Con esta inversi\u00f3n, la gesti\u00f3n municipal busca dar un paso concreto en el ordenamiento de la ciudad, mejorar las condiciones de tr\u00e1nsito y abrir un nuevo espacio para la inversi\u00f3n y la generaci\u00f3n de empleo en la zona sur de Abancay. \/\/\u201cEl compromiso es hasta el \u00faltimo d\u00eda de gesti\u00f3n. Vamos a seguir asignando los presupuestos y agilizando las obras que permitan el desarrollo de nuestra ciudad\u201d \/\/, concluy\u00f3 el alcalde.<\/div>\n<div dir=\"auto\">,,,,,,,,,,,,,,,,,,,,,,,,,,,,,,,,,,,,,,,,,,,,,,,,,,,,,,,,,,,,,,,,,,,,,,,,,,,,,,,,,,,,,,,,,,,,,,,,,,,,,,,,,,,,,,,,,,,,,,,,,,,,,,,,,,,,,,,,,,,,,,,,,,,<\/div>\n<div dir=\"auto\">\u00a1PORQUE ABANCAY NO SE DETIENE! M\u00c1S OBRAS VIALES ENTREGADAS, MEJORANDO LA CALIDAD DE VIDA DE NUESTROS HERMANOS DE LA PERIFERIA E INTEGR\u00c1NDOLOS AL DESARROLLO DE LA CIUDAD. MUNICIPALIDAD PROVINCIAL DE ABANCAY, TRABAJANDO CON HECHOS<\/div>\n<div dir=\"auto\"><img loading=\"lazy\" decoding=\"async\" class=\"alignnone size-full wp-image-12667\" src=\"https:\/\/muniabancay.gob.pe\/web\/wp-content\/uploads\/2026\/08\/769387337_1742663453304403_3383295976884364010_n.jpg\" alt=\"\" width=\"2048\" height=\"1536\" srcset=\"https:\/\/muniabancay.gob.pe\/web\/wp-content\/uploads\/2026\/08\/769387337_1742663453304403_3383295976884364010_n.jpg 2048w, https:\/\/muniabancay.gob.pe\/web\/wp-content\/uploads\/2026\/08\/769387337_1742663453304403_3383295976884364010_n-300x225.jpg 300w, https:\/\/muniabancay.gob.pe\/web\/wp-content\/uploads\/2026\/08\/769387337_1742663453304403_3383295976884364010_n-1024x768.jpg 1024w, https:\/\/muniabancay.gob.pe\/web\/wp-content\/uploads\/2026\/08\/769387337_1742663453304403_3383295976884364010_n-768x576.jpg 768w, https:\/\/muniabancay.gob.pe\/web\/wp-content\/uploads\/2026\/08\/769387337_1742663453304403_3383295976884364010_n-1536x1152.jpg 1536w, https:\/\/muniabancay.gob.pe\/web\/wp-content\/uploads\/2026\/08\/769387337_1742663453304403_3383295976884364010_n-600x450.jpg 600w\" sizes=\"auto, (max-width: 2048px) 100vw, 2048px\" \/> <img loading=\"lazy\" decoding=\"async\" class=\"alignnone size-full wp-image-12668\" src=\"https:\/\/muniabancay.gob.pe\/web\/wp-content\/uploads\/2026\/08\/771956452_3034798653524879_4686077942510332242_n.jpg\" alt=\"\" width=\"2048\" height=\"1536\" srcset=\"https:\/\/muniabancay.gob.pe\/web\/wp-content\/uploads\/2026\/08\/771956452_3034798653524879_4686077942510332242_n.jpg 2048w, https:\/\/muniabancay.gob.pe\/web\/wp-content\/uploads\/2026\/08\/771956452_3034798653524879_4686077942510332242_n-300x225.jpg 300w, https:\/\/muniabancay.gob.pe\/web\/wp-content\/uploads\/2026\/08\/771956452_3034798653524879_4686077942510332242_n-1024x768.jpg 1024w, https:\/\/muniabancay.gob.pe\/web\/wp-content\/uploads\/2026\/08\/771956452_3034798653524879_4686077942510332242_n-768x576.jpg 768w, https:\/\/muniabancay.gob.pe\/web\/wp-content\/uploads\/2026\/08\/771956452_3034798653524879_4686077942510332242_n-1536x1152.jpg 1536w, https:\/\/muniabancay.gob.pe\/web\/wp-content\/uploads\/2026\/08\/771956452_3034798653524879_4686077942510332242_n-600x450.jpg 600w\" sizes=\"auto, (max-width: 2048px) 100vw, 2048px\" \/> <img loading=\"lazy\" decoding=\"async\" class=\"alignnone size-full wp-image-12669\" src=\"https:\/\/muniabancay.gob.pe\/web\/wp-content\/uploads\/2026\/08\/773339015_1046407137973867_8620917504319361662_n.jpg\" alt=\"\" width=\"2048\" height=\"1536\" srcset=\"https:\/\/muniabancay.gob.pe\/web\/wp-content\/uploads\/2026\/08\/773339015_1046407137973867_8620917504319361662_n.jpg 2048w, https:\/\/muniabancay.gob.pe\/web\/wp-content\/uploads\/2026\/08\/773339015_1046407137973867_8620917504319361662_n-300x225.jpg 300w, https:\/\/muniabancay.gob.pe\/web\/wp-content\/uploads\/2026\/08\/773339015_1046407137973867_8620917504319361662_n-1024x768.jpg 1024w, https:\/\/muniabancay.gob.pe\/web\/wp-content\/uploads\/2026\/08\/773339015_1046407137973867_8620917504319361662_n-768x576.jpg 768w, https:\/\/muniabancay.gob.pe\/web\/wp-content\/uploads\/2026\/08\/773339015_1046407137973867_8620917504319361662_n-1536x1152.jpg 1536w, https:\/\/muniabancay.gob.pe\/web\/wp-content\/uploads\/2026\/08\/773339015_1046407137973867_8620917504319361662_n-600x450.jpg 600w\" sizes=\"auto, (max-width: 2048px) 100vw, 2048px\" \/><\/div>\n<\/div>\n<\/div>\n<\/div>\n<div class=\"x14z9mp xat24cr x1lziwak x1vvkbs xtlvy1s x126k92a\"><\/div>\n<\/div>\n<\/div>\n<div class=\"x14z9mp xat24cr x1lziwak x1vvkbs xtlvy1s x126k92a\">\n<div dir=\"auto\"><\/div>\n<\/div>\n<\/div>\n<div dir=\"auto\"><\/div>\n<\/div>\n<\/div>\n<div dir=\"auto\"><\/div>\n<\/div>\n<\/div>\n<\/div>\n<\/div>\n<\/div>\n<div dir=\"auto\"><\/div>\n<\/div>\n<div dir=\"auto\"><\/div>\n<\/div>\n<\/div>\n<\/div>\n<\/div>\n<div dir=\"auto\"><\/div>\n<\/div>\n<\/div>\n<div class=\"x11i5rnm xat24cr x1mh8g0r x1vvkbs xtlvy1s x126k92a\"><\/div>\n<div class=\"x11i5rnm xat24cr x1mh8g0r x1vvkbs xtlvy1s x126k92a\">\n<div dir=\"auto\"><\/div>\n<div dir=\"auto\"><\/div>\n<\/div>\n<\/div>\n<\/div>\n<\/div>\n<div class=\"x11i5rnm xat24cr x1mh8g0r x1vvkbs xtlvy1s x126k92a\">\n<div dir=\"auto\"><\/div>\n<\/div>\n<\/div>\n<div dir=\"auto\"><\/div>\n<\/div>\n<\/div>\n<\/div>\n<\/div>\n<div class=\"x11i5rnm xat24cr x1mh8g0r x1vvkbs xtlvy1s x126k92a\">\n<div dir=\"auto\"><\/div>\n<\/div>\n<\/div>\n<\/div>\n<\/div>\n<\/div>\n<\/div>\n<\/div>\n<div class=\"x11i5rnm xat24cr x1mh8g0r x1vvkbs xtlvy1s x126k92a\">\n<div dir=\"auto\"><\/div>\n<\/div>\n<\/div>\n<\/div>\n<\/div>\n<\/div>\n<div class=\"x11i5rnm xat24cr x1mh8g0r x1vvkbs xtlvy1s x126k92a\">\n<div dir=\"auto\"><\/div>\n<\/div>\n<\/div>\n<\/div>\n<\/div>\n<\/div>\n<\/div>\n<\/div>\n<\/div>\n<\/div>\n<\/div>\n<\/div>\n<\/div>\n<\/div>\n<\/div>\n<\/div>\n<\/div>\n<\/div>\n<\/div>\n<\/div>\n<\/div>\n<\/div>\n<\/div>\n<\/div>\n<\/div>\n<\/div>\n<\/div>\n<\/div>\n<\/div>\n<\/div>\n<\/div>\n<\/div>\n<\/div>\n<\/div>\n<\/div>\n<\/div>\n<\/div>\n<\/div>\n<\/div>\n<\/div>\n<\/div>\n<\/div>\n<\/div>\n<\/div>\n<\/div>\n<\/div>\n<\/div>\n<\/div>\n<\/div>\n<\/div>\n<\/div>\n<\/div>\n<\/div>\n<\/div>\n<\/div>\n<\/div>\n<\/div>\n<\/div>\n<\/div>\n<\/div>\n<\/div>\n<\/div>\n<\/div>\n<\/div>\n<\/div>\n<\/div>\n<\/div>\n<\/div>\n<\/div>\n<\/div>\n<\/div>\n<\/div>\n<\/div>\n<\/div>\n<\/div>\n<\/div>\n<\/div>\n<\/div>\n<\/div>\n<\/div>\n<\/div>\n<\/div>\n<\/div>\n<\/div>\n<\/div>\n<\/div>\n<\/div>\n<\/div>\n<\/div>\n<\/div>\n<\/div>\n<\/div>\n<\/div>\n<\/div>\n<\/div>\n<\/div>\n<\/div>\n<\/div>\n<\/div>\n<\/div>\n<\/div>\n<\/div>\n<\/div>\n<\/div>\n<\/div>\n<\/div>\n<\/div>\n<\/div>\n<\/div>\n<\/div>\n<\/div>\n<\/div>\n<\/div>\n<\/div>\n<\/div>\n<\/div>\n<\/div>\n<\/div>\n<\/div>\n<\/div>\n<\/div>\n<\/div>\n<\/div>\n<\/div>\n<\/div>\n<\/div>\n<\/div>\n<\/div>\n<\/div>\n<\/div>\n<\/div>\n<\/div>\n<\/div>\n<\/div>\n<\/div>\n<\/div>\n<\/div>\n<\/div>\n<\/div>\n<\/div>\n<\/div>\n<\/div>\n<\/div>\n<\/div>\n<\/div>\n<\/div>\n<\/div>\n<\/div>\n<\/div>\n<\/div>\n<\/div>\n<\/div>\n<\/div>\n<\/div>\n<\/div>\n<\/div>\n<\/div>\n<\/div>\n<\/div>\n<\/div>\n<\/div>\n<p>&nbsp;<\/p>\n","protected":false},"excerpt":{"rendered":"<p>MPA destinar\u00e1 cerca de S\/ 3 millones para pistas y veredas en un sector, que busca convertirse en un nuevo espacio para la actividad mec\u00e1nica, la inversi\u00f3n y la generaci\u00f3n de empleo. ,,,,,,,,,,,,,,,,,,,,,,,,,,,,,,,,,,,,,,,,,,,,,,,,,,,,,,,,,,,,,,,,,,,,,,,,,,,,,,,,,,,,,,,,,,,,,,,,,,,,,,,,,,,,,,,,,,,,,,,,,,,,,,,,,,,,,,,,,,,, La Municipalidad Provincial de Abancay (MPA) destinar\u00e1 cerca de S\/ 3 millones para la pavimentaci\u00f3n de pistas y veredas del Parque Mec\u00e1nico<\/p>\n","protected":false},"author":1,"featured_media":12668,"comment_status":"closed","ping_status":"open","sticky":false,"template":"","format":"standard","meta":{"footnotes":""},"categories":[20],"tags":[78,79],"class_list":["post-12663","post","type-post","status-publish","format-standard","has-post-thumbnail","hentry","category-noticias","tag-abancay","tag-poblacion"],"yoast_head":"<!-- This site is optimized with the Yoast SEO plugin v21.8 - https:\/\/yoast.com\/wordpress\/plugins\/seo\/ -->\n<title>ABANCAY DA UN PASO DECISIVO PARA HACER REALIDAD SU PARQUE MEC\u00c1NICO INDUSTRIAL - Municipalidad Provincial de Abancay<\/title>\n<meta name=\"robots\" content=\"index, follow, max-snippet:-1, max-image-preview:large, max-video-preview:-1\" \/>\n<link rel=\"canonical\" href=\"https:\/\/muniabancay.gob.pe\/web\/2026\/08\/12\/abancay-da-un-paso-decisivo-para-hacer-realidad-su-parque-mecanico-industrial\/\" \/>\n<meta property=\"og:locale\" content=\"es_ES\" \/>\n<meta property=\"og:type\" content=\"article\" \/>\n<meta property=\"og:title\" content=\"ABANCAY DA UN PASO DECISIVO PARA HACER REALIDAD SU PARQUE MEC\u00c1NICO INDUSTRIAL - Municipalidad Provincial de Abancay\" \/>\n<meta property=\"og:description\" content=\"MPA destinar\u00e1 cerca de S\/ 3 millones para pistas y veredas en un sector, que busca convertirse en un nuevo espacio para la actividad mec\u00e1nica, la inversi\u00f3n y la generaci\u00f3n de empleo. ,,,,,,,,,,,,,,,,,,,,,,,,,,,,,,,,,,,,,,,,,,,,,,,,,,,,,,,,,,,,,,,,,,,,,,,,,,,,,,,,,,,,,,,,,,,,,,,,,,,,,,,,,,,,,,,,,,,,,,,,,,,,,,,,,,,,,,,,,,,, La Municipalidad Provincial de Abancay (MPA) destinar\u00e1 cerca de S\/ 3 millones para la pavimentaci\u00f3n de pistas y veredas del Parque Mec\u00e1nico\" \/>\n<meta property=\"og:url\" content=\"https:\/\/muniabancay.gob.pe\/web\/2026\/08\/12\/abancay-da-un-paso-decisivo-para-hacer-realidad-su-parque-mecanico-industrial\/\" \/>\n<meta property=\"og:site_name\" content=\"Municipalidad Provincial de Abancay\" \/>\n<meta property=\"article:publisher\" content=\"https:\/\/www.facebook.com\/profile.php?id=61551095133565\" \/>\n<meta property=\"article:published_time\" content=\"2026-08-12T14:28:18+00:00\" \/>\n<meta property=\"og:image\" content=\"https:\/\/muniabancay.gob.pe\/web\/wp-content\/uploads\/2026\/08\/771956452_3034798653524879_4686077942510332242_n.jpg\" \/>\n\t<meta property=\"og:image:width\" content=\"2048\" \/>\n\t<meta property=\"og:image:height\" content=\"1536\" \/>\n\t<meta property=\"og:image:type\" content=\"image\/jpeg\" \/>\n<meta name=\"author\" content=\"administrador\" \/>\n<meta name=\"twitter:card\" content=\"summary_large_image\" \/>\n<meta name=\"twitter:label1\" content=\"Written by\" \/>\n\t<meta name=\"twitter:data1\" content=\"administrador\" \/>\n\t<meta name=\"twitter:label2\" content=\"Est. reading time\" \/>\n\t<meta name=\"twitter:data2\" content=\"7 minutos\" \/>\n<script type=\"application\/ld+json\" class=\"yoast-schema-graph\">{\"@context\":\"https:\/\/schema.org\",\"@graph\":[{\"@type\":\"Article\",\"@id\":\"https:\/\/muniabancay.gob.pe\/web\/2026\/08\/12\/abancay-da-un-paso-decisivo-para-hacer-realidad-su-parque-mecanico-industrial\/#article\",\"isPartOf\":{\"@id\":\"https:\/\/muniabancay.gob.pe\/web\/2026\/08\/12\/abancay-da-un-paso-decisivo-para-hacer-realidad-su-parque-mecanico-industrial\/\"},\"author\":{\"name\":\"administrador\",\"@id\":\"https:\/\/muniabancay.gob.pe\/web\/#\/schema\/person\/a546ce53925da8a15f1d4aee16d2c7b4\"},\"headline\":\"ABANCAY DA UN PASO DECISIVO PARA HACER REALIDAD SU PARQUE MEC\u00c1NICO INDUSTRIAL\",\"datePublished\":\"2026-08-12T14:28:18+00:00\",\"dateModified\":\"2026-08-12T14:28:18+00:00\",\"mainEntityOfPage\":{\"@id\":\"https:\/\/muniabancay.gob.pe\/web\/2026\/08\/12\/abancay-da-un-paso-decisivo-para-hacer-realidad-su-parque-mecanico-industrial\/\"},\"wordCount\":900,\"publisher\":{\"@id\":\"https:\/\/muniabancay.gob.pe\/web\/#organization\"},\"keywords\":[\"Abancay\",\"Poblaci\u00f3n\"],\"articleSection\":[\"Noticias\"],\"inLanguage\":\"es-PE\"},{\"@type\":\"WebPage\",\"@id\":\"https:\/\/muniabancay.gob.pe\/web\/2026\/08\/12\/abancay-da-un-paso-decisivo-para-hacer-realidad-su-parque-mecanico-industrial\/\",\"url\":\"https:\/\/muniabancay.gob.pe\/web\/2026\/08\/12\/abancay-da-un-paso-decisivo-para-hacer-realidad-su-parque-mecanico-industrial\/\",\"name\":\"ABANCAY DA UN PASO DECISIVO PARA HACER REALIDAD SU PARQUE MEC\u00c1NICO INDUSTRIAL - Municipalidad Provincial de Abancay\",\"isPartOf\":{\"@id\":\"https:\/\/muniabancay.gob.pe\/web\/#website\"},\"datePublished\":\"2026-08-12T14:28:18+00:00\",\"dateModified\":\"2026-08-12T14:28:18+00:00\",\"breadcrumb\":{\"@id\":\"https:\/\/muniabancay.gob.pe\/web\/2026\/08\/12\/abancay-da-un-paso-decisivo-para-hacer-realidad-su-parque-mecanico-industrial\/#breadcrumb\"},\"inLanguage\":\"es-PE\",\"potentialAction\":[{\"@type\":\"ReadAction\",\"target\":[\"https:\/\/muniabancay.gob.pe\/web\/2026\/08\/12\/abancay-da-un-paso-decisivo-para-hacer-realidad-su-parque-mecanico-industrial\/\"]}]},{\"@type\":\"BreadcrumbList\",\"@id\":\"https:\/\/muniabancay.gob.pe\/web\/2026\/08\/12\/abancay-da-un-paso-decisivo-para-hacer-realidad-su-parque-mecanico-industrial\/#breadcrumb\",\"itemListElement\":[{\"@type\":\"ListItem\",\"position\":1,\"name\":\"Portada\",\"item\":\"https:\/\/muniabancay.gob.pe\/web\/\"},{\"@type\":\"ListItem\",\"position\":2,\"name\":\"ABANCAY DA UN PASO DECISIVO PARA HACER REALIDAD SU PARQUE MEC\u00c1NICO INDUSTRIAL\"}]},{\"@type\":\"WebSite\",\"@id\":\"https:\/\/muniabancay.gob.pe\/web\/#website\",\"url\":\"https:\/\/muniabancay.gob.pe\/web\/\",\"name\":\"Municipalidad Provincial de Abancay\",\"description\":\"MPA\",\"publisher\":{\"@id\":\"https:\/\/muniabancay.gob.pe\/web\/#organization\"},\"alternateName\":\"Municipalidad Provincial de Abancay\",\"potentialAction\":[{\"@type\":\"SearchAction\",\"target\":{\"@type\":\"EntryPoint\",\"urlTemplate\":\"https:\/\/muniabancay.gob.pe\/web\/?s={search_term_string}\"},\"query-input\":\"required name=search_term_string\"}],\"inLanguage\":\"es-PE\"},{\"@type\":\"Organization\",\"@id\":\"https:\/\/muniabancay.gob.pe\/web\/#organization\",\"name\":\"Municipalidad Provincial de Abancay\",\"alternateName\":\"Municipalidad Provincial de Abancay\",\"url\":\"https:\/\/muniabancay.gob.pe\/web\/\",\"logo\":{\"@type\":\"ImageObject\",\"inLanguage\":\"es-PE\",\"@id\":\"https:\/\/muniabancay.gob.pe\/web\/#\/schema\/logo\/image\/\",\"url\":\"https:\/\/muniabancay.gob.pe\/web\/wp-content\/uploads\/2023\/10\/logo_abc23.png\",\"contentUrl\":\"https:\/\/muniabancay.gob.pe\/web\/wp-content\/uploads\/2023\/10\/logo_abc23.png\",\"width\":699,\"height\":700,\"caption\":\"Municipalidad Provincial de Abancay\"},\"image\":{\"@id\":\"https:\/\/muniabancay.gob.pe\/web\/#\/schema\/logo\/image\/\"},\"sameAs\":[\"https:\/\/www.facebook.com\/profile.php?id=61551095133565\",\"https:\/\/www.tiktok.com\/@tiktokmuniabancay?_t=8cBFA7r1OHV&_r=1\"]},{\"@type\":\"Person\",\"@id\":\"https:\/\/muniabancay.gob.pe\/web\/#\/schema\/person\/a546ce53925da8a15f1d4aee16d2c7b4\",\"name\":\"administrador\",\"image\":{\"@type\":\"ImageObject\",\"inLanguage\":\"es-PE\",\"@id\":\"https:\/\/muniabancay.gob.pe\/web\/#\/schema\/person\/image\/\",\"url\":\"https:\/\/secure.gravatar.com\/avatar\/d91b6b272509bdfb13debe638095bca067743d84d1c2867ab3a6b6407fa1c9b0?s=96&d=mm&r=g\",\"contentUrl\":\"https:\/\/secure.gravatar.com\/avatar\/d91b6b272509bdfb13debe638095bca067743d84d1c2867ab3a6b6407fa1c9b0?s=96&d=mm&r=g\",\"caption\":\"administrador\"},\"sameAs\":[\"https:\/\/muniabancay.gob.pe\/web\"],\"url\":\"https:\/\/muniabancay.gob.pe\/web\/author\/administrador\/\"}]}<\/script>\n<!-- \/ Yoast SEO plugin. -->","yoast_head_json":{"title":"ABANCAY DA UN PASO DECISIVO PARA HACER REALIDAD SU PARQUE MEC\u00c1NICO INDUSTRIAL - Municipalidad Provincial de Abancay","robots":{"index":"index","follow":"follow","max-snippet":"max-snippet:-1","max-image-preview":"max-image-preview:large","max-video-preview":"max-video-preview:-1"},"canonical":"https:\/\/muniabancay.gob.pe\/web\/2026\/08\/12\/abancay-da-un-paso-decisivo-para-hacer-realidad-su-parque-mecanico-industrial\/","og_locale":"es_ES","og_type":"article","og_title":"ABANCAY DA UN PASO DECISIVO PARA HACER REALIDAD SU PARQUE MEC\u00c1NICO INDUSTRIAL - Municipalidad Provincial de Abancay","og_description":"MPA destinar\u00e1 cerca de S\/ 3 millones para pistas y veredas en un sector, que busca convertirse en un nuevo espacio para la actividad mec\u00e1nica, la inversi\u00f3n y la generaci\u00f3n de empleo. ,,,,,,,,,,,,,,,,,,,,,,,,,,,,,,,,,,,,,,,,,,,,,,,,,,,,,,,,,,,,,,,,,,,,,,,,,,,,,,,,,,,,,,,,,,,,,,,,,,,,,,,,,,,,,,,,,,,,,,,,,,,,,,,,,,,,,,,,,,,, La Municipalidad Provincial de Abancay (MPA) destinar\u00e1 cerca de S\/ 3 millones para la pavimentaci\u00f3n de pistas y veredas del Parque Mec\u00e1nico","og_url":"https:\/\/muniabancay.gob.pe\/web\/2026\/08\/12\/abancay-da-un-paso-decisivo-para-hacer-realidad-su-parque-mecanico-industrial\/","og_site_name":"Municipalidad Provincial de Abancay","article_publisher":"https:\/\/www.facebook.com\/profile.php?id=61551095133565","article_published_time":"2026-08-12T14:28:18+00:00","og_image":[{"width":2048,"height":1536,"url":"https:\/\/muniabancay.gob.pe\/web\/wp-content\/uploads\/2026\/08\/771956452_3034798653524879_4686077942510332242_n.jpg","type":"image\/jpeg"}],"author":"administrador","twitter_card":"summary_large_image","twitter_misc":{"Written by":"administrador","Est. reading time":"7 minutos"},"schema":{"@context":"https:\/\/schema.org","@graph":[{"@type":"Article","@id":"https:\/\/muniabancay.gob.pe\/web\/2026\/08\/12\/abancay-da-un-paso-decisivo-para-hacer-realidad-su-parque-mecanico-industrial\/#article","isPartOf":{"@id":"https:\/\/muniabancay.gob.pe\/web\/2026\/08\/12\/abancay-da-un-paso-decisivo-para-hacer-realidad-su-parque-mecanico-industrial\/"},"author":{"name":"administrador","@id":"https:\/\/muniabancay.gob.pe\/web\/#\/schema\/person\/a546ce53925da8a15f1d4aee16d2c7b4"},"headline":"ABANCAY DA UN PASO DECISIVO PARA HACER REALIDAD SU PARQUE MEC\u00c1NICO INDUSTRIAL","datePublished":"2026-08-12T14:28:18+00:00","dateModified":"2026-08-12T14:28:18+00:00","mainEntityOfPage":{"@id":"https:\/\/muniabancay.gob.pe\/web\/2026\/08\/12\/abancay-da-un-paso-decisivo-para-hacer-realidad-su-parque-mecanico-industrial\/"},"wordCount":900,"publisher":{"@id":"https:\/\/muniabancay.gob.pe\/web\/#organization"},"keywords":["Abancay","Poblaci\u00f3n"],"articleSection":["Noticias"],"inLanguage":"es-PE"},{"@type":"WebPage","@id":"https:\/\/muniabancay.gob.pe\/web\/2026\/08\/12\/abancay-da-un-paso-decisivo-para-hacer-realidad-su-parque-mecanico-industrial\/","url":"https:\/\/muniabancay.gob.pe\/web\/2026\/08\/12\/abancay-da-un-paso-decisivo-para-hacer-realidad-su-parque-mecanico-industrial\/","name":"ABANCAY DA UN PASO DECISIVO PARA HACER REALIDAD SU PARQUE MEC\u00c1NICO INDUSTRIAL - Municipalidad Provincial de Abancay","isPartOf":{"@id":"https:\/\/muniabancay.gob.pe\/web\/#website"},"datePublished":"2026-08-12T14:28:18+00:00","dateModified":"2026-08-12T14:28:18+00:00","breadcrumb":{"@id":"https:\/\/muniabancay.gob.pe\/web\/2026\/08\/12\/abancay-da-un-paso-decisivo-para-hacer-realidad-su-parque-mecanico-industrial\/#breadcrumb"},"inLanguage":"es-PE","potentialAction":[{"@type":"ReadAction","target":["https:\/\/muniabancay.gob.pe\/web\/2026\/08\/12\/abancay-da-un-paso-decisivo-para-hacer-realidad-su-parque-mecanico-industrial\/"]}]},{"@type":"BreadcrumbList","@id":"https:\/\/muniabancay.gob.pe\/web\/2026\/08\/12\/abancay-da-un-paso-decisivo-para-hacer-realidad-su-parque-mecanico-industrial\/#breadcrumb","itemListElement":[{"@type":"ListItem","position":1,"name":"Portada","item":"https:\/\/muniabancay.gob.pe\/web\/"},{"@type":"ListItem","position":2,"name":"ABANCAY DA UN PASO DECISIVO PARA HACER REALIDAD SU PARQUE MEC\u00c1NICO INDUSTRIAL"}]},{"@type":"WebSite","@id":"https:\/\/muniabancay.gob.pe\/web\/#website","url":"https:\/\/muniabancay.gob.pe\/web\/","name":"Municipalidad Provincial de Abancay","description":"MPA","publisher":{"@id":"https:\/\/muniabancay.gob.pe\/web\/#organization"},"alternateName":"Municipalidad Provincial de Abancay","potentialAction":[{"@type":"SearchAction","target":{"@type":"EntryPoint","urlTemplate":"https:\/\/muniabancay.gob.pe\/web\/?s={search_term_string}"},"query-input":"required name=search_term_string"}],"inLanguage":"es-PE"},{"@type":"Organization","@id":"https:\/\/muniabancay.gob.pe\/web\/#organization","name":"Municipalidad Provincial de Abancay","alternateName":"Municipalidad Provincial de Abancay","url":"https:\/\/muniabancay.gob.pe\/web\/","logo":{"@type":"ImageObject","inLanguage":"es-PE","@id":"https:\/\/muniabancay.gob.pe\/web\/#\/schema\/logo\/image\/","url":"https:\/\/muniabancay.gob.pe\/web\/wp-content\/uploads\/2023\/10\/logo_abc23.png","contentUrl":"https:\/\/muniabancay.gob.pe\/web\/wp-content\/uploads\/2023\/10\/logo_abc23.png","width":699,"height":700,"caption":"Municipalidad Provincial de Abancay"},"image":{"@id":"https:\/\/muniabancay.gob.pe\/web\/#\/schema\/logo\/image\/"},"sameAs":["https:\/\/www.facebook.com\/profile.php?id=61551095133565","https:\/\/www.tiktok.com\/@tiktokmuniabancay?_t=8cBFA7r1OHV&_r=1"]},{"@type":"Person","@id":"https:\/\/muniabancay.gob.pe\/web\/#\/schema\/person\/a546ce53925da8a15f1d4aee16d2c7b4","name":"administrador","image":{"@type":"ImageObject","inLanguage":"es-PE","@id":"https:\/\/muniabancay.gob.pe\/web\/#\/schema\/person\/image\/","url":"https:\/\/secure.gravatar.com\/avatar\/d91b6b272509bdfb13debe638095bca067743d84d1c2867ab3a6b6407fa1c9b0?s=96&d=mm&r=g","contentUrl":"https:\/\/secure.gravatar.com\/avatar\/d91b6b272509bdfb13debe638095bca067743d84d1c2867ab3a6b6407fa1c9b0?s=96&d=mm&r=g","caption":"administrador"},"sameAs":["https:\/\/muniabancay.gob.pe\/web"],"url":"https:\/\/muniabancay.gob.pe\/web\/author\/administrador\/"}]}},"_links":{"self":[{"href":"https:\/\/muniabancay.gob.pe\/web\/wp-json\/wp\/v2\/posts\/12663","targetHints":{"allow":["GET"]}}],"collection":[{"href":"https:\/\/muniabancay.gob.pe\/web\/wp-json\/wp\/v2\/posts"}],"about":[{"href":"https:\/\/muniabancay.gob.pe\/web\/wp-json\/wp\/v2\/types\/post"}],"author":[{"embeddable":true,"href":"https:\/\/muniabancay.gob.pe\/web\/wp-json\/wp\/v2\/users\/1"}],"replies":[{"embeddable":true,"href":"https:\/\/muniabancay.gob.pe\/web\/wp-json\/wp\/v2\/comments?post=12663"}],"version-history":[{"count":1,"href":"https:\/\/muniabancay.gob.pe\/web\/wp-json\/wp\/v2\/posts\/12663\/revisions"}],"predecessor-version":[{"id":12670,"href":"https:\/\/muniabancay.gob.pe\/web\/wp-json\/wp\/v2\/posts\/12663\/revisions\/12670"}],"wp:featuredmedia":[{"embeddable":true,"href":"https:\/\/muniabancay.gob.pe\/web\/wp-json\/wp\/v2\/media\/12668"}],"wp:attachment":[{"href":"https:\/\/muniabancay.gob.pe\/web\/wp-json\/wp\/v2\/media?parent=12663"}],"wp:term":[{"taxonomy":"category","embeddable":true,"href":"https:\/\/muniabancay.gob.pe\/web\/wp-json\/wp\/v2\/categories?post=12663"},{"taxonomy":"post_tag","embeddable":true,"href":"https:\/\/muniabancay.gob.pe\/web\/wp-json\/wp\/v2\/tags?post=12663"}],"curies":[{"name":"wp","href":"https:\/\/api.w.org\/{rel}","templated":true}]}}