{"id":12840,"date":"2026-09-03T14:32:46","date_gmt":"2026-09-03T19:32:46","guid":{"rendered":"https:\/\/muniabancay.gob.pe\/web\/?p=12840"},"modified":"2026-09-03T14:32:46","modified_gmt":"2026-09-03T19:32:46","slug":"municipalidad-continua-abriendo-la-via-expresa-sur-y-liberando-la-faja-marginal-de-chinchichaca","status":"publish","type":"post","link":"https:\/\/muniabancay.gob.pe\/web\/2026\/09\/03\/municipalidad-continua-abriendo-la-via-expresa-sur-y-liberando-la-faja-marginal-de-chinchichaca\/","title":{"rendered":"MUNICIPALIDAD CONTIN\u00daA ABRIENDO LA V\u00cdA EXPRESA SUR Y LIBERANDO LA FAJA MARGINAL DE CHINCHICHACA."},"content":{"rendered":"<div class=\"x11i5rnm xat24cr x1mh8g0r x1vvkbs xtlvy1s x126k92a\">\n<div dir=\"auto\">\n<div class=\"x11i5rnm xat24cr x1mh8g0r x1vvkbs xtlvy1s x126k92a\">\n<div dir=\"auto\">\n<div class=\"x11i5rnm xat24cr x1mh8g0r x1vvkbs xtlvy1s x126k92a\">\n<div dir=\"auto\">\n<div class=\"x11i5rnm xat24cr x1mh8g0r x1vvkbs xtlvy1s x126k92a\">\n<div dir=\"auto\">\n<div class=\"x11i5rnm xat24cr x1mh8g0r x1vvkbs xtlvy1s x126k92a\">\n<div dir=\"auto\">\n<div dir=\"auto\">\n<div class=\"x11i5rnm xat24cr x1mh8g0r x1vvkbs xtlvy1s x126k92a\">\n<div dir=\"auto\">\n<div class=\"x11i5rnm xat24cr x1mh8g0r x1vvkbs xtlvy1s x126k92a\">\n<div dir=\"auto\">\n<div class=\"x11i5rnm xat24cr x1mh8g0r x1vvkbs xtlvy1s x126k92a\">\n<div dir=\"auto\">\n<div class=\"x11i5rnm xat24cr x1mh8g0r x1vvkbs xtlvy1s x126k92a\">\n<div dir=\"auto\">\n<div class=\"x11i5rnm xat24cr x1mh8g0r x1vvkbs xtlvy1s x126k92a\">\n<div dir=\"auto\">\n<div class=\"x11i5rnm xat24cr x1mh8g0r x1vvkbs xtlvy1s x126k92a\">\n<div dir=\"auto\">\n<div dir=\"auto\">\n<div dir=\"auto\">\n<div class=\"x11i5rnm xat24cr x1mh8g0r x1vvkbs xtlvy1s x126k92a\">\n<div dir=\"auto\">\n<div class=\"x11i5rnm xat24cr x1mh8g0r x1vvkbs xtlvy1s x126k92a\">\n<div dir=\"auto\">\n<div class=\"x11i5rnm xat24cr x1mh8g0r x1vvkbs xtlvy1s x126k92a\">\n<div dir=\"auto\">\n<div dir=\"auto\">\n<div class=\"x11i5rnm xat24cr x1mh8g0r x1vvkbs xtlvy1s x126k92a\">\n<div dir=\"auto\">\n<div class=\"x11i5rnm xat24cr x1mh8g0r x1vvkbs xtlvy1s x126k92a\">\n<div dir=\"auto\">\n<div dir=\"auto\">\n<div class=\"x11i5rnm xat24cr x1mh8g0r x1vvkbs xtlvy1s x126k92a\">\n<div dir=\"auto\">\n<div class=\"x11i5rnm xat24cr x1mh8g0r x1vvkbs xtlvy1s x126k92a\">\n<div dir=\"auto\">\n<div class=\"x11i5rnm xat24cr x1mh8g0r x1vvkbs xtlvy1s x126k92a\">\n<div dir=\"auto\">\n<div class=\"x11i5rnm xat24cr x1mh8g0r x1vvkbs xtlvy1s x126k92a\">\n<div dir=\"auto\">\n<div class=\"x11i5rnm xat24cr x1mh8g0r x1vvkbs xtlvy1s x126k92a\">\n<div dir=\"auto\">\n<div class=\"x11i5rnm xat24cr x1mh8g0r x1vvkbs xtlvy1s x126k92a\">\n<div dir=\"auto\">\n<div class=\"x11i5rnm xat24cr x1mh8g0r x1vvkbs xtlvy1s x126k92a\">\n<div dir=\"auto\">\n<div class=\"x11i5rnm xat24cr x1mh8g0r x1vvkbs xtlvy1s x126k92a\">\n<div dir=\"auto\">\n<div class=\"x11i5rnm xat24cr x1mh8g0r x1vvkbs xtlvy1s x126k92a\">\n<div dir=\"auto\">\n<div class=\"x11i5rnm xat24cr x1mh8g0r x1vvkbs xtlvy1s x126k92a\">\n<div dir=\"auto\">\n<div class=\"x11i5rnm xat24cr x1mh8g0r x1vvkbs xtlvy1s x126k92a\">\n<div dir=\"auto\">\n<div class=\"x11i5rnm xat24cr x1mh8g0r x1vvkbs xtlvy1s x126k92a\">\n<div dir=\"auto\">\n<div class=\"x11i5rnm xat24cr x1mh8g0r x1vvkbs xtlvy1s x126k92a\">\n<div dir=\"auto\">\n<div class=\"x11i5rnm xat24cr x1mh8g0r x1vvkbs xtlvy1s x126k92a\">\n<div dir=\"auto\">\n<div class=\"x11i5rnm xat24cr x1mh8g0r x1vvkbs xtlvy1s x126k92a\">\n<div dir=\"auto\">\n<div class=\"x11i5rnm xat24cr x1mh8g0r x1vvkbs xtlvy1s x126k92a\">\n<div dir=\"auto\">\n<div class=\"x11i5rnm xat24cr x1mh8g0r x1vvkbs xtlvy1s x126k92a\">\n<div dir=\"auto\">\n<div dir=\"auto\">\n<div dir=\"auto\">\n<div class=\"x11i5rnm xat24cr x1mh8g0r x1vvkbs xtlvy1s x126k92a\">\n<div dir=\"auto\">\n<div class=\"x11i5rnm xat24cr x1mh8g0r x1vvkbs xtlvy1s x126k92a\">\n<div dir=\"auto\">\n<div class=\"x11i5rnm xat24cr x1mh8g0r x1vvkbs xtlvy1s x126k92a\">\n<div dir=\"auto\">\n<div class=\"x11i5rnm xat24cr x1mh8g0r x1vvkbs xtlvy1s x126k92a\">\n<div dir=\"auto\">\n<div dir=\"auto\">\n<div class=\"x11i5rnm xat24cr x1mh8g0r x1vvkbs xtlvy1s x126k92a\">\n<div dir=\"auto\">\n<div dir=\"auto\">\n<div class=\"x11i5rnm xat24cr x1mh8g0r x1vvkbs xtlvy1s x126k92a\">\n<div dir=\"auto\">\n<div class=\"x11i5rnm xat24cr x1mh8g0r x1vvkbs xtlvy1s x126k92a\">\n<div dir=\"auto\">\n<div class=\"x11i5rnm xat24cr x1mh8g0r x1vvkbs xtlvy1s x126k92a\">\n<div dir=\"auto\">\n<div class=\"x11i5rnm xat24cr x1mh8g0r x1vvkbs xtlvy1s x126k92a\">\n<div dir=\"auto\">\n<div class=\"x11i5rnm xat24cr x1mh8g0r x1vvkbs xtlvy1s x126k92a\">\n<div dir=\"auto\">\n<div class=\"x11i5rnm xat24cr x1mh8g0r x1vvkbs xtlvy1s x126k92a\">\n<div dir=\"auto\">\n<div dir=\"auto\">\n<div class=\"xdj266r x11i5rnm xat24cr x1mh8g0r x1vvkbs x126k92a\">\n<div dir=\"auto\">\n<div class=\"x11i5rnm xat24cr x1mh8g0r x1vvkbs xtlvy1s x126k92a\">\n<div dir=\"auto\">\n<div class=\"x11i5rnm xat24cr x1mh8g0r x1vvkbs xtlvy1s x126k92a\">\n<div dir=\"auto\">\n<div class=\"x11i5rnm xat24cr x1mh8g0r x1vvkbs xtlvy1s x126k92a\">\n<div dir=\"auto\">\n<div class=\"x11i5rnm xat24cr x1mh8g0r x1vvkbs xtlvy1s x126k92a\">\n<div dir=\"auto\">\n<div dir=\"auto\">\n<div class=\"x11i5rnm xat24cr x1mh8g0r x1vvkbs xtlvy1s x126k92a\">\n<div dir=\"auto\">\n<div dir=\"auto\">\n<div class=\"x11i5rnm xat24cr x1mh8g0r x1vvkbs xtlvy1s x126k92a\">\n<div dir=\"auto\">\n<div dir=\"auto\">\n<div dir=\"auto\">\n<div class=\"x11i5rnm xat24cr x1mh8g0r x1vvkbs xtlvy1s x126k92a\">\n<div dir=\"auto\">\n<div class=\"x11i5rnm xat24cr x1mh8g0r x1vvkbs xtlvy1s x126k92a\">\n<div dir=\"auto\">\n<div class=\"x11i5rnm xat24cr x1mh8g0r x1vvkbs xtlvy1s x126k92a\">\n<div dir=\"auto\">\n<div dir=\"auto\">\n<div dir=\"auto\">\n<div dir=\"auto\">\n<div class=\"x11i5rnm xat24cr x1mh8g0r x1vvkbs xtlvy1s x126k92a\">\n<div dir=\"auto\">\n<div class=\"x11i5rnm xat24cr x1mh8g0r x1vvkbs xtlvy1s x126k92a\">\n<div dir=\"auto\">\n<div class=\"xdj266r x11i5rnm xat24cr x1mh8g0r x1vvkbs x126k92a\">\n<div dir=\"auto\">\n<div class=\"x11i5rnm xat24cr x1mh8g0r x1vvkbs xtlvy1s x126k92a\">\n<div dir=\"auto\">\n<div dir=\"auto\">\n<div class=\"x11i5rnm xat24cr x1mh8g0r x1vvkbs xtlvy1s x126k92a\">\n<div dir=\"auto\">\n<div dir=\"auto\">\n<div dir=\"auto\">\n<div dir=\"auto\">\n<div class=\"x11i5rnm xat24cr x1mh8g0r x1vvkbs xtlvy1s x126k92a\">\n<div dir=\"auto\">\n<div dir=\"auto\">\n<div class=\"xdj266r x11i5rnm xat24cr x1mh8g0r x1vvkbs x126k92a\">\n<div dir=\"auto\">\n<div dir=\"auto\">\n<div class=\"x11i5rnm xat24cr x1mh8g0r x1vvkbs xtlvy1s x126k92a\">\n<div dir=\"auto\">\n<div class=\"x11i5rnm xat24cr x1mh8g0r x1vvkbs xtlvy1s x126k92a\">\n<div dir=\"auto\">\n<div class=\"x11i5rnm xat24cr x1mh8g0r x1vvkbs xtlvy1s x126k92a\">\n<div dir=\"auto\">\n<div class=\"x11i5rnm xat24cr x1mh8g0r x1vvkbs xtlvy1s x126k92a\">\n<div dir=\"auto\">\n<div dir=\"auto\">\n<div dir=\"auto\">\n<div class=\"x11i5rnm xat24cr x1mh8g0r x1vvkbs xtlvy1s x126k92a\">\n<div dir=\"auto\">\n<div class=\"xdj266r x11i5rnm xat24cr x1mh8g0r x1vvkbs x126k92a\">\n<div dir=\"auto\">\n<div class=\"xdj266r x11i5rnm xat24cr x1mh8g0r x1vvkbs x126k92a\">\n<div dir=\"auto\">\n<div class=\"x11i5rnm xat24cr x1mh8g0r x1vvkbs xtlvy1s x126k92a\">\n<div dir=\"auto\">\n<div class=\"x11i5rnm xat24cr x1mh8g0r x1vvkbs xtlvy1s x126k92a\">\n<div dir=\"auto\">\n<div class=\"xdj266r x11i5rnm xat24cr x1mh8g0r x1vvkbs x126k92a\">\n<div dir=\"auto\">\n<div class=\"xdj266r x11i5rnm xat24cr x1mh8g0r x1vvkbs x126k92a\">\n<div dir=\"auto\">\n<div class=\"xdj266r x11i5rnm xat24cr x1mh8g0r x1vvkbs x126k92a\">\n<div dir=\"auto\">\n<div class=\"x11i5rnm xat24cr x1mh8g0r x1vvkbs xtlvy1s x126k92a\">\n<div dir=\"auto\">\n<div dir=\"auto\">\n<div class=\"xdj266r x11i5rnm xat24cr x1mh8g0r x1vvkbs x126k92a\">\n<div dir=\"auto\">\n<div dir=\"auto\">\n<div class=\"x11i5rnm xat24cr x1mh8g0r x1vvkbs xtlvy1s x126k92a\">\n<div dir=\"auto\">\n<div dir=\"auto\">\n<div class=\"x11i5rnm xat24cr x1mh8g0r x1vvkbs xtlvy1s x126k92a\">\n<div dir=\"auto\">\n<div class=\"xdj266r x11i5rnm xat24cr x1mh8g0r x1vvkbs x126k92a\">\n<div dir=\"auto\">\n<div dir=\"auto\">\n<div class=\"x14z9mp xat24cr x1lziwak x1vvkbs xtlvy1s x126k92a\">\n<div dir=\"auto\">\n<div class=\"xdj266r x14z9mp xat24cr x1lziwak x1vvkbs x126k92a\">\n<div dir=\"auto\">\n<div dir=\"auto\">\n<div dir=\"auto\">\n<div dir=\"auto\">\n<div class=\"xdj266r x14z9mp xat24cr x1lziwak x1vvkbs x126k92a\">\n<div dir=\"auto\">\n<div class=\"xdj266r x14z9mp xat24cr x1lziwak x1vvkbs x126k92a\">\n<div dir=\"auto\">\n<div dir=\"auto\">\n<div class=\"xdj266r x14z9mp xat24cr x1lziwak x1vvkbs x126k92a\">\n<div dir=\"auto\">\n<div class=\"xdj266r x14z9mp xat24cr x1lziwak x1vvkbs x126k92a\">\n<div dir=\"auto\"><span class=\"html-span xexx8yu xyri2b x18d9i69 x1c1uobl x1hl2dhg x16tdsg8 x1vvkbs x3nfvp2 x1j61x8r x1fcty0u xdj266r xat24cr xm2jcoa x1mpyi22 xxymvpz xlup9mm x1kky2od\"><img loading=\"lazy\" decoding=\"async\" class=\"xz74otr x15mokao x1ga7v0g x16uus16 xbiv7yw\" src=\"https:\/\/static.xx.fbcdn.net\/images\/emoji.php\/v9\/tac\/1\/16\/1f4cc.png\" alt=\"&#x1f4cc;\" width=\"16\" height=\"16\" \/><\/span>Intervenci\u00f3n en Chinchichaca Baja\u2013Illanya contin\u00faa recuperando espacios ocupados y despejando sectores afectados por la acumulaci\u00f3n de desmonte y basura, mientras avanza la habilitaci\u00f3n del nuevo corredor vial hacia el sur de Abancay.<\/div>\n<div dir=\"auto\">,,,,,,,,,,,,,,,,,,,,,,,,,,,,,,,,,,,,,,,,,,,,,,,,,,,,,,,,,,,,,,,,,,,,,,,,,,,,,,,,,,,,,,,,,,,,,,,,,,,,,,,,,,,,,,,,,,,,,,,,,,,,,,,,,,,,,,,,,,,,,,,,,,,,,<\/div>\n<\/div>\n<div class=\"x14z9mp xat24cr x1lziwak x1vvkbs xtlvy1s x126k92a\">\n<div dir=\"auto\"><span class=\"html-span xexx8yu xyri2b x18d9i69 x1c1uobl x1hl2dhg x16tdsg8 x1vvkbs x3nfvp2 x1j61x8r x1fcty0u xdj266r xat24cr xm2jcoa x1mpyi22 xxymvpz xlup9mm x1kky2od\"><img loading=\"lazy\" decoding=\"async\" class=\"xz74otr x15mokao x1ga7v0g x16uus16 xbiv7yw\" src=\"https:\/\/static.xx.fbcdn.net\/images\/emoji.php\/v9\/t33\/1\/16\/2705.png\" alt=\"&#x2705;\" width=\"16\" height=\"16\" \/><\/span>La Municipalidad Provincial de Abancay (MPA) contin\u00faa con la apertura de la futura V\u00eda Expresa Sur en el sector de Chinchichaca Baja en Illanya, donde maquinaria municipal viene trabajando en la recuperaci\u00f3n de la faja marginal y en la liberaci\u00f3n de espacios que durante a\u00f1os permanecieron ocupados o afectados por la acumulaci\u00f3n de desmontes y Basura.<\/div>\n<\/div>\n<div class=\"x14z9mp xat24cr x1lziwak x1vvkbs xtlvy1s x126k92a\">\n<div dir=\"auto\"><span class=\"html-span xexx8yu xyri2b x18d9i69 x1c1uobl x1hl2dhg x16tdsg8 x1vvkbs x3nfvp2 x1j61x8r x1fcty0u xdj266r xat24cr xm2jcoa x1mpyi22 xxymvpz xlup9mm x1kky2od\"><img loading=\"lazy\" decoding=\"async\" class=\"xz74otr x15mokao x1ga7v0g x16uus16 xbiv7yw\" src=\"https:\/\/static.xx.fbcdn.net\/images\/emoji.php\/v9\/t33\/1\/16\/2705.png\" alt=\"&#x2705;\" width=\"16\" height=\"16\" \/><\/span>La intervenci\u00f3n fue verificada hoy, por el alcalde provincial, quien lleg\u00f3 hasta la zona para supervisar una vez m\u00e1s el avance de los trabajos y la proyecci\u00f3n de apertura y mejoramiento de la transitabilidad del tramo. La maquinaria viene ampliando y acondicionando la plataforma vial en direcci\u00f3n al puente de Illanya, mientras se intervienen sectores ubicados en ambos m\u00e1rgenes de la quebrada.<\/div>\n<\/div>\n<div class=\"x14z9mp xat24cr x1lziwak x1vvkbs xtlvy1s x126k92a\">\n<div dir=\"auto\"><span class=\"html-span xexx8yu xyri2b x18d9i69 x1c1uobl x1hl2dhg x16tdsg8 x1vvkbs x3nfvp2 x1j61x8r x1fcty0u xdj266r xat24cr xm2jcoa x1mpyi22 xxymvpz xlup9mm x1kky2od\"><img loading=\"lazy\" decoding=\"async\" class=\"xz74otr x15mokao x1ga7v0g x16uus16 xbiv7yw\" src=\"https:\/\/static.xx.fbcdn.net\/images\/emoji.php\/v9\/t33\/1\/16\/2705.png\" alt=\"&#x2705;\" width=\"16\" height=\"16\" \/><\/span>Se trata de \u00e1reas que deben mantenerse libres para proteger el cauce y reducir condiciones de riesgo, pero que durante a\u00f1os fueron afectadas por ocupaciones, disposici\u00f3n de desmontes y otras intervenciones que limitaron su uso para fines p\u00fablicos. En el lugar tambi\u00e9n se ha procedido al retiro y despeje de material acumulado, recuperando progresivamente espacios que permanec\u00edan degradados y que hoy est\u00e1n siendo incorporados al proceso de habilitaci\u00f3n de la nueva v\u00eda.<\/div>\n<\/div>\n<div class=\"x14z9mp xat24cr x1lziwak x1vvkbs xtlvy1s x126k92a\">\n<div dir=\"auto\"><span class=\"html-span xexx8yu xyri2b x18d9i69 x1c1uobl x1hl2dhg x16tdsg8 x1vvkbs x3nfvp2 x1j61x8r x1fcty0u xdj266r xat24cr xm2jcoa x1mpyi22 xxymvpz xlup9mm x1kky2od\"><img loading=\"lazy\" decoding=\"async\" class=\"xz74otr x15mokao x1ga7v0g x16uus16 xbiv7yw\" src=\"https:\/\/static.xx.fbcdn.net\/images\/emoji.php\/v9\/t33\/1\/16\/2705.png\" alt=\"&#x2705;\" width=\"16\" height=\"16\" \/><\/span>Durante la inspecci\u00f3n, el alcalde cuestion\u00f3 la falta de intervenci\u00f3n de anteriores gestiones frente a la situaci\u00f3n encontrada en este sector y sostuvo que la actual administraci\u00f3n decidi\u00f3 asumir la recuperaci\u00f3n de estos espacios como parte de una pol\u00edtica de ordenamiento y de defensa de las \u00e1reas p\u00fablicas.\/\/ \u201cNos han elegido no para quejarnos, sino para solucionar los problemas\u201d\/\/, se\u00f1al\u00f3 el burgomaestre, al referirse a la decisi\u00f3n de continuar con los trabajos pese a las dificultades encontradas en la zona.<\/div>\n<\/div>\n<div class=\"x14z9mp xat24cr x1lziwak x1vvkbs xtlvy1s x126k92a\">\n<div dir=\"auto\"><span class=\"html-span xexx8yu xyri2b x18d9i69 x1c1uobl x1hl2dhg x16tdsg8 x1vvkbs x3nfvp2 x1j61x8r x1fcty0u xdj266r xat24cr xm2jcoa x1mpyi22 xxymvpz xlup9mm x1kky2od\"><img loading=\"lazy\" decoding=\"async\" class=\"xz74otr x15mokao x1ga7v0g x16uus16 xbiv7yw\" src=\"https:\/\/static.xx.fbcdn.net\/images\/emoji.php\/v9\/t33\/1\/16\/2705.png\" alt=\"&#x2705;\" width=\"16\" height=\"16\" \/><\/span>La autoridad municipal ratific\u00f3, adem\u00e1s, que la apertura de la V\u00eda Expresa Sur forma parte de una intervenci\u00f3n de mayor alcance para mejorar la conectividad de Abancay. La v\u00eda est\u00e1 proyectada para unir la zona sur, desde la carretera Panamericana, con las avenidas 28 de Julio y Circunvalaci\u00f3n, generando una alternativa de circulaci\u00f3n que contribuya a descongestionar urgentemente las principales v\u00edas de la ciudad.<\/div>\n<\/div>\n<div class=\"x14z9mp xat24cr x1lziwak x1vvkbs xtlvy1s x126k92a\">\n<div dir=\"auto\"><span class=\"html-span xexx8yu xyri2b x18d9i69 x1c1uobl x1hl2dhg x16tdsg8 x1vvkbs x3nfvp2 x1j61x8r x1fcty0u xdj266r xat24cr xm2jcoa x1mpyi22 xxymvpz xlup9mm x1kky2od\"><img loading=\"lazy\" decoding=\"async\" class=\"xz74otr x15mokao x1ga7v0g x16uus16 xbiv7yw\" src=\"https:\/\/static.xx.fbcdn.net\/images\/emoji.php\/v9\/t33\/1\/16\/2705.png\" alt=\"&#x2705;\" width=\"16\" height=\"16\" \/><\/span>El avance actual tiene como antecedente las acciones desarrolladas durante los \u00faltimos meses para recuperar la faja marginal y liberar las \u00e1reas necesarias para la continuidad de la v\u00eda. En junio, la Municipalidad inform\u00f3 que estas labores comprend\u00edan trabajos de defensa ribere\u00f1a, recuperaci\u00f3n de espacios p\u00fablicos y liberaci\u00f3n de \u00e1reas ocupadas en la quebrada Chinchichaca Baja.<\/div>\n<\/div>\n<div class=\"x14z9mp xat24cr x1lziwak x1vvkbs xtlvy1s x126k92a\">\n<div dir=\"auto\"><span class=\"html-span xexx8yu xyri2b x18d9i69 x1c1uobl x1hl2dhg x16tdsg8 x1vvkbs x3nfvp2 x1j61x8r x1fcty0u xdj266r xat24cr xm2jcoa x1mpyi22 xxymvpz xlup9mm x1kky2od\"><img loading=\"lazy\" decoding=\"async\" class=\"xz74otr x15mokao x1ga7v0g x16uus16 xbiv7yw\" src=\"https:\/\/static.xx.fbcdn.net\/images\/emoji.php\/v9\/t33\/1\/16\/2705.png\" alt=\"&#x2705;\" width=\"16\" height=\"16\" \/><\/span>Asimismo, a finales de agosto, la maquinaria municipal lleg\u00f3 hasta el puente colonial de Illanya, abriendo un nuevo frente de trabajo y permitiendo proyectar la conexi\u00f3n de este tramo con la avenida Circunvalaci\u00f3n.<\/div>\n<\/div>\n<div class=\"x14z9mp xat24cr x1lziwak x1vvkbs xtlvy1s x126k92a\">\n<div dir=\"auto\"><span class=\"html-span xexx8yu xyri2b x18d9i69 x1c1uobl x1hl2dhg x16tdsg8 x1vvkbs x3nfvp2 x1j61x8r x1fcty0u xdj266r xat24cr xm2jcoa x1mpyi22 xxymvpz xlup9mm x1kky2od\"><img loading=\"lazy\" decoding=\"async\" class=\"xz74otr x15mokao x1ga7v0g x16uus16 xbiv7yw\" src=\"https:\/\/static.xx.fbcdn.net\/images\/emoji.php\/v9\/t33\/1\/16\/2705.png\" alt=\"&#x2705;\" width=\"16\" height=\"16\" \/><\/span>El proceso tambi\u00e9n busca reducir problemas que afectan directamente a la poblaci\u00f3n. La recuperaci\u00f3n del acceso permitir\u00e1 mejorar las condiciones para futuras intervenciones de servicios b\u00e1sicos y contribuir\u00e1 a reducir la presi\u00f3n sobre la quebrada, donde durante a\u00f1os se registraron problemas asociados a la disposici\u00f3n de residuos y descargas.<\/div>\n<\/div>\n<div class=\"x14z9mp xat24cr x1lziwak x1vvkbs xtlvy1s x126k92a\">\n<div dir=\"auto\"><span class=\"html-span xexx8yu xyri2b x18d9i69 x1c1uobl x1hl2dhg x16tdsg8 x1vvkbs x3nfvp2 x1j61x8r x1fcty0u xdj266r xat24cr xm2jcoa x1mpyi22 xxymvpz xlup9mm x1kky2od\"><img loading=\"lazy\" decoding=\"async\" class=\"xz74otr x15mokao x1ga7v0g x16uus16 xbiv7yw\" src=\"https:\/\/static.xx.fbcdn.net\/images\/emoji.php\/v9\/t33\/1\/16\/2705.png\" alt=\"&#x2705;\" width=\"16\" height=\"16\" \/><\/span>La autoridad municipal tambi\u00e9n sostuvo que los trabajos continuar\u00e1n durante los pr\u00f3ximos meses y que el objetivo es llegar al 15 de diciembre con la v\u00eda habilitada y con las correspondientes medidas de seguridad y contenci\u00f3n que permita a la ciudad contar con nuevas alternativas de circulaci\u00f3n.<\/div>\n<\/div>\n<div class=\"x14z9mp xat24cr x1lziwak x1vvkbs xtlvy1s x126k92a\">\n<div dir=\"auto\"><\/div>\n<div dir=\"auto\">\u00a1PORQUE ABANCAY NO SE DETIENE! M\u00c1S OBRAS VIALES ENTREGADAS, MEJORANDO LA CALIDAD DE VIDA DE NUESTROS HERMANOS DE LA PERIFERIA E INTEGR\u00c1NDOLOS AL DESARROLLO DE LA CIUDAD. MUNICIPALIDAD PROVINCIAL DE ABANCAY, TRABAJANDO CON HECHOS.<\/div>\n<\/div>\n<\/div>\n<\/div>\n<\/div>\n<\/div>\n<\/div>\n<div class=\"x14z9mp xat24cr x1lziwak x1vvkbs xtlvy1s x126k92a\"><img loading=\"lazy\" decoding=\"async\" class=\"alignnone size-full wp-image-12847\" src=\"https:\/\/muniabancay.gob.pe\/web\/wp-content\/uploads\/2026\/09\/793029062_2892520504464911_1345815300573593218_n.jpg\" alt=\"\" width=\"2048\" height=\"1365\" srcset=\"https:\/\/muniabancay.gob.pe\/web\/wp-content\/uploads\/2026\/09\/793029062_2892520504464911_1345815300573593218_n.jpg 2048w, https:\/\/muniabancay.gob.pe\/web\/wp-content\/uploads\/2026\/09\/793029062_2892520504464911_1345815300573593218_n-300x200.jpg 300w, https:\/\/muniabancay.gob.pe\/web\/wp-content\/uploads\/2026\/09\/793029062_2892520504464911_1345815300573593218_n-1024x683.jpg 1024w, https:\/\/muniabancay.gob.pe\/web\/wp-content\/uploads\/2026\/09\/793029062_2892520504464911_1345815300573593218_n-768x512.jpg 768w, https:\/\/muniabancay.gob.pe\/web\/wp-content\/uploads\/2026\/09\/793029062_2892520504464911_1345815300573593218_n-391x260.jpg 391w, https:\/\/muniabancay.gob.pe\/web\/wp-content\/uploads\/2026\/09\/793029062_2892520504464911_1345815300573593218_n-1536x1024.jpg 1536w, https:\/\/muniabancay.gob.pe\/web\/wp-content\/uploads\/2026\/09\/793029062_2892520504464911_1345815300573593218_n-600x400.jpg 600w\" sizes=\"auto, (max-width: 2048px) 100vw, 2048px\" \/> <img loading=\"lazy\" decoding=\"async\" class=\"alignnone size-full wp-image-12848\" src=\"https:\/\/muniabancay.gob.pe\/web\/wp-content\/uploads\/2026\/09\/793595779_4413162075564669_5459515200230859088_n.jpg\" alt=\"\" width=\"2048\" height=\"1152\" srcset=\"https:\/\/muniabancay.gob.pe\/web\/wp-content\/uploads\/2026\/09\/793595779_4413162075564669_5459515200230859088_n.jpg 2048w, https:\/\/muniabancay.gob.pe\/web\/wp-content\/uploads\/2026\/09\/793595779_4413162075564669_5459515200230859088_n-300x169.jpg 300w, https:\/\/muniabancay.gob.pe\/web\/wp-content\/uploads\/2026\/09\/793595779_4413162075564669_5459515200230859088_n-1024x576.jpg 1024w, https:\/\/muniabancay.gob.pe\/web\/wp-content\/uploads\/2026\/09\/793595779_4413162075564669_5459515200230859088_n-768x432.jpg 768w, https:\/\/muniabancay.gob.pe\/web\/wp-content\/uploads\/2026\/09\/793595779_4413162075564669_5459515200230859088_n-1536x864.jpg 1536w, https:\/\/muniabancay.gob.pe\/web\/wp-content\/uploads\/2026\/09\/793595779_4413162075564669_5459515200230859088_n-600x338.jpg 600w\" sizes=\"auto, (max-width: 2048px) 100vw, 2048px\" \/><\/p>\n<figure id=\"attachment_12849\" aria-describedby=\"caption-attachment-12849\" style=\"width: 2048px\" class=\"wp-caption alignnone\"><img loading=\"lazy\" decoding=\"async\" class=\"size-full wp-image-12849\" src=\"https:\/\/muniabancay.gob.pe\/web\/wp-content\/uploads\/2026\/09\/793850473_2830547607319981_4811045620301320010_n.jpg\" alt=\"\" width=\"2048\" height=\"1152\" srcset=\"https:\/\/muniabancay.gob.pe\/web\/wp-content\/uploads\/2026\/09\/793850473_2830547607319981_4811045620301320010_n.jpg 2048w, https:\/\/muniabancay.gob.pe\/web\/wp-content\/uploads\/2026\/09\/793850473_2830547607319981_4811045620301320010_n-300x169.jpg 300w, https:\/\/muniabancay.gob.pe\/web\/wp-content\/uploads\/2026\/09\/793850473_2830547607319981_4811045620301320010_n-1024x576.jpg 1024w, https:\/\/muniabancay.gob.pe\/web\/wp-content\/uploads\/2026\/09\/793850473_2830547607319981_4811045620301320010_n-768x432.jpg 768w, https:\/\/muniabancay.gob.pe\/web\/wp-content\/uploads\/2026\/09\/793850473_2830547607319981_4811045620301320010_n-1536x864.jpg 1536w, https:\/\/muniabancay.gob.pe\/web\/wp-content\/uploads\/2026\/09\/793850473_2830547607319981_4811045620301320010_n-600x338.jpg 600w\" sizes=\"auto, (max-width: 2048px) 100vw, 2048px\" \/><figcaption id=\"caption-attachment-12849\" class=\"wp-caption-text\">default<\/figcaption><\/figure>\n<\/div>\n<\/div>\n<\/div>\n<div class=\"x14z9mp xat24cr x1lziwak x1vvkbs xtlvy1s x126k92a\">\n<div dir=\"auto\"><\/div>\n<\/div>\n<\/div>\n<div dir=\"auto\"><\/div>\n<\/div>\n<\/div>\n<div dir=\"auto\"><\/div>\n<\/div>\n<\/div>\n<\/div>\n<\/div>\n<\/div>\n<div dir=\"auto\"><\/div>\n<\/div>\n<div dir=\"auto\"><\/div>\n<\/div>\n<\/div>\n<\/div>\n<\/div>\n<div dir=\"auto\"><\/div>\n<\/div>\n<\/div>\n<div class=\"x11i5rnm xat24cr x1mh8g0r x1vvkbs xtlvy1s x126k92a\"><\/div>\n<div class=\"x11i5rnm xat24cr x1mh8g0r x1vvkbs xtlvy1s x126k92a\">\n<div dir=\"auto\"><\/div>\n<div dir=\"auto\"><\/div>\n<\/div>\n<\/div>\n<\/div>\n<\/div>\n<div class=\"x11i5rnm xat24cr x1mh8g0r x1vvkbs xtlvy1s x126k92a\">\n<div dir=\"auto\"><\/div>\n<\/div>\n<\/div>\n<div dir=\"auto\"><\/div>\n<\/div>\n<\/div>\n<\/div>\n<\/div>\n<div class=\"x11i5rnm xat24cr x1mh8g0r x1vvkbs xtlvy1s x126k92a\">\n<div dir=\"auto\"><\/div>\n<\/div>\n<\/div>\n<\/div>\n<\/div>\n<\/div>\n<\/div>\n<\/div>\n<div class=\"x11i5rnm xat24cr x1mh8g0r x1vvkbs xtlvy1s x126k92a\">\n<div dir=\"auto\"><\/div>\n<\/div>\n<\/div>\n<\/div>\n<\/div>\n<\/div>\n<div class=\"x11i5rnm xat24cr x1mh8g0r x1vvkbs xtlvy1s x126k92a\">\n<div dir=\"auto\"><\/div>\n<\/div>\n<\/div>\n<\/div>\n<\/div>\n<\/div>\n<\/div>\n<\/div>\n<\/div>\n<\/div>\n<\/div>\n<\/div>\n<\/div>\n<\/div>\n<\/div>\n<\/div>\n<\/div>\n<\/div>\n<\/div>\n<\/div>\n<\/div>\n<\/div>\n<\/div>\n<\/div>\n<\/div>\n<\/div>\n<\/div>\n<\/div>\n<\/div>\n<\/div>\n<\/div>\n<\/div>\n<\/div>\n<\/div>\n<\/div>\n<\/div>\n<\/div>\n<\/div>\n<\/div>\n<\/div>\n<\/div>\n<\/div>\n<\/div>\n<\/div>\n<\/div>\n<\/div>\n<\/div>\n<\/div>\n<\/div>\n<\/div>\n<\/div>\n<\/div>\n<\/div>\n<\/div>\n<\/div>\n<\/div>\n<\/div>\n<\/div>\n<\/div>\n<\/div>\n<\/div>\n<\/div>\n<\/div>\n<\/div>\n<\/div>\n<\/div>\n<\/div>\n<\/div>\n<\/div>\n<\/div>\n<\/div>\n<\/div>\n<\/div>\n<\/div>\n<\/div>\n<\/div>\n<\/div>\n<\/div>\n<\/div>\n<\/div>\n<\/div>\n<\/div>\n<\/div>\n<\/div>\n<\/div>\n<\/div>\n<\/div>\n<\/div>\n<\/div>\n<\/div>\n<\/div>\n<\/div>\n<\/div>\n<\/div>\n<\/div>\n<\/div>\n<\/div>\n<\/div>\n<\/div>\n<\/div>\n<\/div>\n<\/div>\n<\/div>\n<\/div>\n<\/div>\n<\/div>\n<\/div>\n<\/div>\n<\/div>\n<\/div>\n<\/div>\n<\/div>\n<\/div>\n<\/div>\n<\/div>\n<\/div>\n<\/div>\n<\/div>\n<\/div>\n<\/div>\n<\/div>\n<\/div>\n<\/div>\n<\/div>\n<\/div>\n<\/div>\n<\/div>\n<\/div>\n<\/div>\n<\/div>\n<\/div>\n<\/div>\n<\/div>\n<\/div>\n<\/div>\n<\/div>\n<\/div>\n<\/div>\n<\/div>\n<\/div>\n<\/div>\n<\/div>\n<\/div>\n<\/div>\n<\/div>\n<\/div>\n<\/div>\n<\/div>\n<\/div>\n<\/div>\n<\/div>\n<\/div>\n<\/div>\n<\/div>\n<\/div>\n<\/div>\n<\/div>\n<\/div>\n<\/div>\n<\/div>\n<\/div>\n<p>&nbsp;<\/p>\n","protected":false},"excerpt":{"rendered":"<p>Intervenci\u00f3n en Chinchichaca Baja\u2013Illanya contin\u00faa recuperando espacios ocupados y despejando sectores afectados por la acumulaci\u00f3n de desmonte y basura, mientras avanza la habilitaci\u00f3n del nuevo corredor vial hacia el sur de Abancay. ,,,,,,,,,,,,,,,,,,,,,,,,,,,,,,,,,,,,,,,,,,,,,,,,,,,,,,,,,,,,,,,,,,,,,,,,,,,,,,,,,,,,,,,,,,,,,,,,,,,,,,,,,,,,,,,,,,,,,,,,,,,,,,,,,,,,,,,,,,,,,,,,,,,,, La Municipalidad Provincial de Abancay (MPA) contin\u00faa con la apertura de la futura V\u00eda Expresa Sur en el sector de Chinchichaca Baja<\/p>\n","protected":false},"author":1,"featured_media":12848,"comment_status":"closed","ping_status":"open","sticky":false,"template":"","format":"standard","meta":{"footnotes":""},"categories":[20],"tags":[78,79],"class_list":["post-12840","post","type-post","status-publish","format-standard","has-post-thumbnail","hentry","category-noticias","tag-abancay","tag-poblacion"],"yoast_head":"<!-- This site is optimized with the Yoast SEO plugin v21.8 - https:\/\/yoast.com\/wordpress\/plugins\/seo\/ -->\n<title>MUNICIPALIDAD CONTIN\u00daA ABRIENDO LA V\u00cdA EXPRESA SUR Y LIBERANDO LA FAJA MARGINAL DE CHINCHICHACA. - Municipalidad Provincial de Abancay<\/title>\n<meta name=\"robots\" content=\"index, follow, max-snippet:-1, max-image-preview:large, max-video-preview:-1\" \/>\n<link rel=\"canonical\" href=\"https:\/\/muniabancay.gob.pe\/web\/2026\/09\/03\/municipalidad-continua-abriendo-la-via-expresa-sur-y-liberando-la-faja-marginal-de-chinchichaca\/\" \/>\n<meta property=\"og:locale\" content=\"es_ES\" \/>\n<meta property=\"og:type\" content=\"article\" \/>\n<meta property=\"og:title\" content=\"MUNICIPALIDAD CONTIN\u00daA ABRIENDO LA V\u00cdA EXPRESA SUR Y LIBERANDO LA FAJA MARGINAL DE CHINCHICHACA. - Municipalidad Provincial de Abancay\" \/>\n<meta property=\"og:description\" content=\"Intervenci\u00f3n en Chinchichaca Baja\u2013Illanya contin\u00faa recuperando espacios ocupados y despejando sectores afectados por la acumulaci\u00f3n de desmonte y basura, mientras avanza la habilitaci\u00f3n del nuevo corredor vial hacia el sur de Abancay. ,,,,,,,,,,,,,,,,,,,,,,,,,,,,,,,,,,,,,,,,,,,,,,,,,,,,,,,,,,,,,,,,,,,,,,,,,,,,,,,,,,,,,,,,,,,,,,,,,,,,,,,,,,,,,,,,,,,,,,,,,,,,,,,,,,,,,,,,,,,,,,,,,,,,, La Municipalidad Provincial de Abancay (MPA) contin\u00faa con la apertura de la futura V\u00eda Expresa Sur en el sector de Chinchichaca Baja\" \/>\n<meta property=\"og:url\" content=\"https:\/\/muniabancay.gob.pe\/web\/2026\/09\/03\/municipalidad-continua-abriendo-la-via-expresa-sur-y-liberando-la-faja-marginal-de-chinchichaca\/\" \/>\n<meta property=\"og:site_name\" content=\"Municipalidad Provincial de Abancay\" \/>\n<meta property=\"article:publisher\" content=\"https:\/\/www.facebook.com\/profile.php?id=61551095133565\" \/>\n<meta property=\"article:published_time\" content=\"2026-09-03T19:32:46+00:00\" \/>\n<meta property=\"og:image\" content=\"https:\/\/muniabancay.gob.pe\/web\/wp-content\/uploads\/2026\/09\/793595779_4413162075564669_5459515200230859088_n.jpg\" \/>\n\t<meta property=\"og:image:width\" content=\"2048\" \/>\n\t<meta property=\"og:image:height\" content=\"1152\" \/>\n\t<meta property=\"og:image:type\" content=\"image\/jpeg\" \/>\n<meta name=\"author\" content=\"administrador\" \/>\n<meta name=\"twitter:card\" content=\"summary_large_image\" \/>\n<meta name=\"twitter:label1\" content=\"Written by\" \/>\n\t<meta name=\"twitter:data1\" content=\"administrador\" \/>\n\t<meta name=\"twitter:label2\" content=\"Est. reading time\" \/>\n\t<meta name=\"twitter:data2\" content=\"6 minutos\" \/>\n<script type=\"application\/ld+json\" class=\"yoast-schema-graph\">{\"@context\":\"https:\/\/schema.org\",\"@graph\":[{\"@type\":\"Article\",\"@id\":\"https:\/\/muniabancay.gob.pe\/web\/2026\/09\/03\/municipalidad-continua-abriendo-la-via-expresa-sur-y-liberando-la-faja-marginal-de-chinchichaca\/#article\",\"isPartOf\":{\"@id\":\"https:\/\/muniabancay.gob.pe\/web\/2026\/09\/03\/municipalidad-continua-abriendo-la-via-expresa-sur-y-liberando-la-faja-marginal-de-chinchichaca\/\"},\"author\":{\"name\":\"administrador\",\"@id\":\"https:\/\/muniabancay.gob.pe\/web\/#\/schema\/person\/a546ce53925da8a15f1d4aee16d2c7b4\"},\"headline\":\"MUNICIPALIDAD CONTIN\u00daA ABRIENDO LA V\u00cdA EXPRESA SUR Y LIBERANDO LA FAJA MARGINAL DE CHINCHICHACA.\",\"datePublished\":\"2026-09-03T19:32:46+00:00\",\"dateModified\":\"2026-09-03T19:32:46+00:00\",\"mainEntityOfPage\":{\"@id\":\"https:\/\/muniabancay.gob.pe\/web\/2026\/09\/03\/municipalidad-continua-abriendo-la-via-expresa-sur-y-liberando-la-faja-marginal-de-chinchichaca\/\"},\"wordCount\":671,\"publisher\":{\"@id\":\"https:\/\/muniabancay.gob.pe\/web\/#organization\"},\"keywords\":[\"Abancay\",\"Poblaci\u00f3n\"],\"articleSection\":[\"Noticias\"],\"inLanguage\":\"es-PE\"},{\"@type\":\"WebPage\",\"@id\":\"https:\/\/muniabancay.gob.pe\/web\/2026\/09\/03\/municipalidad-continua-abriendo-la-via-expresa-sur-y-liberando-la-faja-marginal-de-chinchichaca\/\",\"url\":\"https:\/\/muniabancay.gob.pe\/web\/2026\/09\/03\/municipalidad-continua-abriendo-la-via-expresa-sur-y-liberando-la-faja-marginal-de-chinchichaca\/\",\"name\":\"MUNICIPALIDAD CONTIN\u00daA ABRIENDO LA V\u00cdA EXPRESA SUR Y LIBERANDO LA FAJA MARGINAL DE CHINCHICHACA. - Municipalidad Provincial de Abancay\",\"isPartOf\":{\"@id\":\"https:\/\/muniabancay.gob.pe\/web\/#website\"},\"datePublished\":\"2026-09-03T19:32:46+00:00\",\"dateModified\":\"2026-09-03T19:32:46+00:00\",\"breadcrumb\":{\"@id\":\"https:\/\/muniabancay.gob.pe\/web\/2026\/09\/03\/municipalidad-continua-abriendo-la-via-expresa-sur-y-liberando-la-faja-marginal-de-chinchichaca\/#breadcrumb\"},\"inLanguage\":\"es-PE\",\"potentialAction\":[{\"@type\":\"ReadAction\",\"target\":[\"https:\/\/muniabancay.gob.pe\/web\/2026\/09\/03\/municipalidad-continua-abriendo-la-via-expresa-sur-y-liberando-la-faja-marginal-de-chinchichaca\/\"]}]},{\"@type\":\"BreadcrumbList\",\"@id\":\"https:\/\/muniabancay.gob.pe\/web\/2026\/09\/03\/municipalidad-continua-abriendo-la-via-expresa-sur-y-liberando-la-faja-marginal-de-chinchichaca\/#breadcrumb\",\"itemListElement\":[{\"@type\":\"ListItem\",\"position\":1,\"name\":\"Portada\",\"item\":\"https:\/\/muniabancay.gob.pe\/web\/\"},{\"@type\":\"ListItem\",\"position\":2,\"name\":\"MUNICIPALIDAD CONTIN\u00daA ABRIENDO LA V\u00cdA EXPRESA SUR Y LIBERANDO LA FAJA MARGINAL DE CHINCHICHACA.\"}]},{\"@type\":\"WebSite\",\"@id\":\"https:\/\/muniabancay.gob.pe\/web\/#website\",\"url\":\"https:\/\/muniabancay.gob.pe\/web\/\",\"name\":\"Municipalidad Provincial de Abancay\",\"description\":\"MPA\",\"publisher\":{\"@id\":\"https:\/\/muniabancay.gob.pe\/web\/#organization\"},\"alternateName\":\"Municipalidad Provincial de Abancay\",\"potentialAction\":[{\"@type\":\"SearchAction\",\"target\":{\"@type\":\"EntryPoint\",\"urlTemplate\":\"https:\/\/muniabancay.gob.pe\/web\/?s={search_term_string}\"},\"query-input\":\"required name=search_term_string\"}],\"inLanguage\":\"es-PE\"},{\"@type\":\"Organization\",\"@id\":\"https:\/\/muniabancay.gob.pe\/web\/#organization\",\"name\":\"Municipalidad Provincial de Abancay\",\"alternateName\":\"Municipalidad Provincial de Abancay\",\"url\":\"https:\/\/muniabancay.gob.pe\/web\/\",\"logo\":{\"@type\":\"ImageObject\",\"inLanguage\":\"es-PE\",\"@id\":\"https:\/\/muniabancay.gob.pe\/web\/#\/schema\/logo\/image\/\",\"url\":\"https:\/\/muniabancay.gob.pe\/web\/wp-content\/uploads\/2023\/10\/logo_abc23.png\",\"contentUrl\":\"https:\/\/muniabancay.gob.pe\/web\/wp-content\/uploads\/2023\/10\/logo_abc23.png\",\"width\":699,\"height\":700,\"caption\":\"Municipalidad Provincial de Abancay\"},\"image\":{\"@id\":\"https:\/\/muniabancay.gob.pe\/web\/#\/schema\/logo\/image\/\"},\"sameAs\":[\"https:\/\/www.facebook.com\/profile.php?id=61551095133565\",\"https:\/\/www.tiktok.com\/@tiktokmuniabancay?_t=8cBFA7r1OHV&_r=1\"]},{\"@type\":\"Person\",\"@id\":\"https:\/\/muniabancay.gob.pe\/web\/#\/schema\/person\/a546ce53925da8a15f1d4aee16d2c7b4\",\"name\":\"administrador\",\"image\":{\"@type\":\"ImageObject\",\"inLanguage\":\"es-PE\",\"@id\":\"https:\/\/muniabancay.gob.pe\/web\/#\/schema\/person\/image\/\",\"url\":\"https:\/\/secure.gravatar.com\/avatar\/d91b6b272509bdfb13debe638095bca067743d84d1c2867ab3a6b6407fa1c9b0?s=96&d=mm&r=g\",\"contentUrl\":\"https:\/\/secure.gravatar.com\/avatar\/d91b6b272509bdfb13debe638095bca067743d84d1c2867ab3a6b6407fa1c9b0?s=96&d=mm&r=g\",\"caption\":\"administrador\"},\"sameAs\":[\"https:\/\/muniabancay.gob.pe\/web\"],\"url\":\"https:\/\/muniabancay.gob.pe\/web\/author\/administrador\/\"}]}<\/script>\n<!-- \/ Yoast SEO plugin. -->","yoast_head_json":{"title":"MUNICIPALIDAD CONTIN\u00daA ABRIENDO LA V\u00cdA EXPRESA SUR Y LIBERANDO LA FAJA MARGINAL DE CHINCHICHACA. - Municipalidad Provincial de Abancay","robots":{"index":"index","follow":"follow","max-snippet":"max-snippet:-1","max-image-preview":"max-image-preview:large","max-video-preview":"max-video-preview:-1"},"canonical":"https:\/\/muniabancay.gob.pe\/web\/2026\/09\/03\/municipalidad-continua-abriendo-la-via-expresa-sur-y-liberando-la-faja-marginal-de-chinchichaca\/","og_locale":"es_ES","og_type":"article","og_title":"MUNICIPALIDAD CONTIN\u00daA ABRIENDO LA V\u00cdA EXPRESA SUR Y LIBERANDO LA FAJA MARGINAL DE CHINCHICHACA. - Municipalidad Provincial de Abancay","og_description":"Intervenci\u00f3n en Chinchichaca Baja\u2013Illanya contin\u00faa recuperando espacios ocupados y despejando sectores afectados por la acumulaci\u00f3n de desmonte y basura, mientras avanza la habilitaci\u00f3n del nuevo corredor vial hacia el sur de Abancay. ,,,,,,,,,,,,,,,,,,,,,,,,,,,,,,,,,,,,,,,,,,,,,,,,,,,,,,,,,,,,,,,,,,,,,,,,,,,,,,,,,,,,,,,,,,,,,,,,,,,,,,,,,,,,,,,,,,,,,,,,,,,,,,,,,,,,,,,,,,,,,,,,,,,,, La Municipalidad Provincial de Abancay (MPA) contin\u00faa con la apertura de la futura V\u00eda Expresa Sur en el sector de Chinchichaca Baja","og_url":"https:\/\/muniabancay.gob.pe\/web\/2026\/09\/03\/municipalidad-continua-abriendo-la-via-expresa-sur-y-liberando-la-faja-marginal-de-chinchichaca\/","og_site_name":"Municipalidad Provincial de Abancay","article_publisher":"https:\/\/www.facebook.com\/profile.php?id=61551095133565","article_published_time":"2026-09-03T19:32:46+00:00","og_image":[{"width":2048,"height":1152,"url":"https:\/\/muniabancay.gob.pe\/web\/wp-content\/uploads\/2026\/09\/793595779_4413162075564669_5459515200230859088_n.jpg","type":"image\/jpeg"}],"author":"administrador","twitter_card":"summary_large_image","twitter_misc":{"Written by":"administrador","Est. reading time":"6 minutos"},"schema":{"@context":"https:\/\/schema.org","@graph":[{"@type":"Article","@id":"https:\/\/muniabancay.gob.pe\/web\/2026\/09\/03\/municipalidad-continua-abriendo-la-via-expresa-sur-y-liberando-la-faja-marginal-de-chinchichaca\/#article","isPartOf":{"@id":"https:\/\/muniabancay.gob.pe\/web\/2026\/09\/03\/municipalidad-continua-abriendo-la-via-expresa-sur-y-liberando-la-faja-marginal-de-chinchichaca\/"},"author":{"name":"administrador","@id":"https:\/\/muniabancay.gob.pe\/web\/#\/schema\/person\/a546ce53925da8a15f1d4aee16d2c7b4"},"headline":"MUNICIPALIDAD CONTIN\u00daA ABRIENDO LA V\u00cdA EXPRESA SUR Y LIBERANDO LA FAJA MARGINAL DE CHINCHICHACA.","datePublished":"2026-09-03T19:32:46+00:00","dateModified":"2026-09-03T19:32:46+00:00","mainEntityOfPage":{"@id":"https:\/\/muniabancay.gob.pe\/web\/2026\/09\/03\/municipalidad-continua-abriendo-la-via-expresa-sur-y-liberando-la-faja-marginal-de-chinchichaca\/"},"wordCount":671,"publisher":{"@id":"https:\/\/muniabancay.gob.pe\/web\/#organization"},"keywords":["Abancay","Poblaci\u00f3n"],"articleSection":["Noticias"],"inLanguage":"es-PE"},{"@type":"WebPage","@id":"https:\/\/muniabancay.gob.pe\/web\/2026\/09\/03\/municipalidad-continua-abriendo-la-via-expresa-sur-y-liberando-la-faja-marginal-de-chinchichaca\/","url":"https:\/\/muniabancay.gob.pe\/web\/2026\/09\/03\/municipalidad-continua-abriendo-la-via-expresa-sur-y-liberando-la-faja-marginal-de-chinchichaca\/","name":"MUNICIPALIDAD CONTIN\u00daA ABRIENDO LA V\u00cdA EXPRESA SUR Y LIBERANDO LA FAJA MARGINAL DE CHINCHICHACA. - Municipalidad Provincial de Abancay","isPartOf":{"@id":"https:\/\/muniabancay.gob.pe\/web\/#website"},"datePublished":"2026-09-03T19:32:46+00:00","dateModified":"2026-09-03T19:32:46+00:00","breadcrumb":{"@id":"https:\/\/muniabancay.gob.pe\/web\/2026\/09\/03\/municipalidad-continua-abriendo-la-via-expresa-sur-y-liberando-la-faja-marginal-de-chinchichaca\/#breadcrumb"},"inLanguage":"es-PE","potentialAction":[{"@type":"ReadAction","target":["https:\/\/muniabancay.gob.pe\/web\/2026\/09\/03\/municipalidad-continua-abriendo-la-via-expresa-sur-y-liberando-la-faja-marginal-de-chinchichaca\/"]}]},{"@type":"BreadcrumbList","@id":"https:\/\/muniabancay.gob.pe\/web\/2026\/09\/03\/municipalidad-continua-abriendo-la-via-expresa-sur-y-liberando-la-faja-marginal-de-chinchichaca\/#breadcrumb","itemListElement":[{"@type":"ListItem","position":1,"name":"Portada","item":"https:\/\/muniabancay.gob.pe\/web\/"},{"@type":"ListItem","position":2,"name":"MUNICIPALIDAD CONTIN\u00daA ABRIENDO LA V\u00cdA EXPRESA SUR Y LIBERANDO LA FAJA MARGINAL DE CHINCHICHACA."}]},{"@type":"WebSite","@id":"https:\/\/muniabancay.gob.pe\/web\/#website","url":"https:\/\/muniabancay.gob.pe\/web\/","name":"Municipalidad Provincial de Abancay","description":"MPA","publisher":{"@id":"https:\/\/muniabancay.gob.pe\/web\/#organization"},"alternateName":"Municipalidad Provincial de Abancay","potentialAction":[{"@type":"SearchAction","target":{"@type":"EntryPoint","urlTemplate":"https:\/\/muniabancay.gob.pe\/web\/?s={search_term_string}"},"query-input":"required name=search_term_string"}],"inLanguage":"es-PE"},{"@type":"Organization","@id":"https:\/\/muniabancay.gob.pe\/web\/#organization","name":"Municipalidad Provincial de Abancay","alternateName":"Municipalidad Provincial de Abancay","url":"https:\/\/muniabancay.gob.pe\/web\/","logo":{"@type":"ImageObject","inLanguage":"es-PE","@id":"https:\/\/muniabancay.gob.pe\/web\/#\/schema\/logo\/image\/","url":"https:\/\/muniabancay.gob.pe\/web\/wp-content\/uploads\/2023\/10\/logo_abc23.png","contentUrl":"https:\/\/muniabancay.gob.pe\/web\/wp-content\/uploads\/2023\/10\/logo_abc23.png","width":699,"height":700,"caption":"Municipalidad Provincial de Abancay"},"image":{"@id":"https:\/\/muniabancay.gob.pe\/web\/#\/schema\/logo\/image\/"},"sameAs":["https:\/\/www.facebook.com\/profile.php?id=61551095133565","https:\/\/www.tiktok.com\/@tiktokmuniabancay?_t=8cBFA7r1OHV&_r=1"]},{"@type":"Person","@id":"https:\/\/muniabancay.gob.pe\/web\/#\/schema\/person\/a546ce53925da8a15f1d4aee16d2c7b4","name":"administrador","image":{"@type":"ImageObject","inLanguage":"es-PE","@id":"https:\/\/muniabancay.gob.pe\/web\/#\/schema\/person\/image\/","url":"https:\/\/secure.gravatar.com\/avatar\/d91b6b272509bdfb13debe638095bca067743d84d1c2867ab3a6b6407fa1c9b0?s=96&d=mm&r=g","contentUrl":"https:\/\/secure.gravatar.com\/avatar\/d91b6b272509bdfb13debe638095bca067743d84d1c2867ab3a6b6407fa1c9b0?s=96&d=mm&r=g","caption":"administrador"},"sameAs":["https:\/\/muniabancay.gob.pe\/web"],"url":"https:\/\/muniabancay.gob.pe\/web\/author\/administrador\/"}]}},"_links":{"self":[{"href":"https:\/\/muniabancay.gob.pe\/web\/wp-json\/wp\/v2\/posts\/12840","targetHints":{"allow":["GET"]}}],"collection":[{"href":"https:\/\/muniabancay.gob.pe\/web\/wp-json\/wp\/v2\/posts"}],"about":[{"href":"https:\/\/muniabancay.gob.pe\/web\/wp-json\/wp\/v2\/types\/post"}],"author":[{"embeddable":true,"href":"https:\/\/muniabancay.gob.pe\/web\/wp-json\/wp\/v2\/users\/1"}],"replies":[{"embeddable":true,"href":"https:\/\/muniabancay.gob.pe\/web\/wp-json\/wp\/v2\/comments?post=12840"}],"version-history":[{"count":1,"href":"https:\/\/muniabancay.gob.pe\/web\/wp-json\/wp\/v2\/posts\/12840\/revisions"}],"predecessor-version":[{"id":12850,"href":"https:\/\/muniabancay.gob.pe\/web\/wp-json\/wp\/v2\/posts\/12840\/revisions\/12850"}],"wp:featuredmedia":[{"embeddable":true,"href":"https:\/\/muniabancay.gob.pe\/web\/wp-json\/wp\/v2\/media\/12848"}],"wp:attachment":[{"href":"https:\/\/muniabancay.gob.pe\/web\/wp-json\/wp\/v2\/media?parent=12840"}],"wp:term":[{"taxonomy":"category","embeddable":true,"href":"https:\/\/muniabancay.gob.pe\/web\/wp-json\/wp\/v2\/categories?post=12840"},{"taxonomy":"post_tag","embeddable":true,"href":"https:\/\/muniabancay.gob.pe\/web\/wp-json\/wp\/v2\/tags?post=12840"}],"curies":[{"name":"wp","href":"https:\/\/api.w.org\/{rel}","templated":true}]}}