{"id":2163,"date":"2023-06-03T08:38:48","date_gmt":"2023-06-03T13:38:48","guid":{"rendered":"https:\/\/muniabancay.gob.pe\/web\/?p=2163"},"modified":"2023-06-05T08:39:16","modified_gmt":"2023-06-05T13:39:16","slug":"conferencia-magistral-estado-universidad-empresa-investigacion","status":"publish","type":"post","link":"https:\/\/muniabancay.gob.pe\/web\/2023\/06\/03\/conferencia-magistral-estado-universidad-empresa-investigacion\/","title":{"rendered":"\u201cConferencia Magistral: Estado &#8211; Universidad &#8211; Empresa &#8211; Investigaci\u00f3n\u201d"},"content":{"rendered":"<div class=\"x11i5rnm xat24cr x1mh8g0r x1vvkbs xtlvy1s x126k92a\">\n<div dir=\"auto\">\n<div class=\"x11i5rnm xat24cr x1mh8g0r x1vvkbs xtlvy1s x126k92a\">\n<div dir=\"auto\">\n<div class=\"x11i5rnm xat24cr x1mh8g0r x1vvkbs xtlvy1s x126k92a\">\n<div dir=\"auto\">\n<div class=\"x11i5rnm xat24cr x1mh8g0r x1vvkbs xtlvy1s x126k92a\">\n<div dir=\"auto\">\n<div class=\"x11i5rnm xat24cr x1mh8g0r x1vvkbs xtlvy1s x126k92a\">\n<div dir=\"auto\">\n<div dir=\"auto\">\n<div class=\"x11i5rnm xat24cr x1mh8g0r x1vvkbs xtlvy1s x126k92a\">\n<div dir=\"auto\">\n<div class=\"x11i5rnm xat24cr x1mh8g0r x1vvkbs xtlvy1s x126k92a\">\n<div dir=\"auto\">\n<div class=\"x11i5rnm xat24cr x1mh8g0r x1vvkbs xtlvy1s x126k92a\">\n<div dir=\"auto\">\n<div class=\"x11i5rnm xat24cr x1mh8g0r x1vvkbs xtlvy1s x126k92a\">\n<div dir=\"auto\">\n<div class=\"x11i5rnm xat24cr x1mh8g0r x1vvkbs xtlvy1s x126k92a\">\n<div dir=\"auto\">\n<div class=\"x11i5rnm xat24cr x1mh8g0r x1vvkbs xtlvy1s x126k92a\">\n<div dir=\"auto\">\n<div dir=\"auto\">\n<div dir=\"auto\">\n<div class=\"x11i5rnm xat24cr x1mh8g0r x1vvkbs xtlvy1s x126k92a\">\n<div dir=\"auto\">\n<div class=\"x11i5rnm xat24cr x1mh8g0r x1vvkbs xtlvy1s x126k92a\">\n<div dir=\"auto\">\n<div class=\"x11i5rnm xat24cr x1mh8g0r x1vvkbs xtlvy1s x126k92a\">\n<div dir=\"auto\">\n<div dir=\"auto\">\n<div class=\"x11i5rnm xat24cr x1mh8g0r x1vvkbs xtlvy1s x126k92a\">\n<div dir=\"auto\">\n<div class=\"x11i5rnm xat24cr x1mh8g0r x1vvkbs xtlvy1s x126k92a\">\n<div dir=\"auto\">\n<div dir=\"auto\">\n<div class=\"x11i5rnm xat24cr x1mh8g0r x1vvkbs xtlvy1s x126k92a\">\n<div dir=\"auto\">\n<div class=\"x11i5rnm xat24cr x1mh8g0r x1vvkbs xtlvy1s x126k92a\">\n<div dir=\"auto\">\n<div class=\"x11i5rnm xat24cr x1mh8g0r x1vvkbs xtlvy1s x126k92a\">\n<div dir=\"auto\">\n<div class=\"x11i5rnm xat24cr x1mh8g0r x1vvkbs xtlvy1s x126k92a\">\n<div dir=\"auto\">\n<div class=\"x11i5rnm xat24cr x1mh8g0r x1vvkbs xtlvy1s x126k92a\">\n<div dir=\"auto\">\n<div class=\"x11i5rnm xat24cr x1mh8g0r x1vvkbs xtlvy1s x126k92a\">\n<div dir=\"auto\">\n<div class=\"x11i5rnm xat24cr x1mh8g0r x1vvkbs xtlvy1s x126k92a\">\n<div dir=\"auto\">\n<div class=\"x11i5rnm xat24cr x1mh8g0r x1vvkbs xtlvy1s x126k92a\">\n<div dir=\"auto\">\n<div class=\"x11i5rnm xat24cr x1mh8g0r x1vvkbs xtlvy1s x126k92a\">\n<div dir=\"auto\">\n<div class=\"x11i5rnm xat24cr x1mh8g0r x1vvkbs xtlvy1s x126k92a\">\n<div dir=\"auto\">La Universidad Tecnol\u00f3gica de los Andes realizo el d\u00eda viernes 02 de Junio, la \u201cConferencia Magistral: ESTADO &#8211; UNIVERSIDAD &#8211; EMPRESA &#8211; INVESTIGACI\u00d3N\u201d, en las instalaciones del auditorio Jos\u00e9 Mar\u00eda Arguedas de la Universidad Tecnol\u00f3gica de los Andes. La ceremonia cont\u00f3 con la presencia del primer regidor Jos\u00e9 Domingo Miranda Espinoza as\u00ed como los integrantes de la Comisi\u00f3n de Educaci\u00f3n, Cultura, Juventud, Recreaci\u00f3n y Deporte de la municipalidad provincial de Abancay, regidores Alain Espinoza Robles, Gloria Sierra Mendoza y Myriam Herrera Valdivia.<\/div>\n<\/div>\n<div class=\"x11i5rnm xat24cr x1mh8g0r x1vvkbs xtlvy1s x126k92a\">\n<div dir=\"auto\">Durante la conferencia, se reconoci\u00f3 y nombr\u00f3 invitados ilustres a los rectores de la Universidad Nacional de Ingenier\u00eda, Universidad Nacional Amaz\u00f3nica de Madre de Dios y Universidad Nacional de San Crist\u00f3bal de Huamanga, quienes tambi\u00e9n tuvieron la oportunidad de participar en este importante certamen.<\/div>\n<\/div>\n<div class=\"x11i5rnm xat24cr x1mh8g0r x1vvkbs xtlvy1s x126k92a\">\n<div dir=\"auto\">Abancay&#8230; \u00a1Ciudad alegre, hermosa y productiva!<\/div>\n<\/div>\n<\/div>\n<\/div>\n<\/div>\n<\/div>\n<div class=\"x11i5rnm xat24cr x1mh8g0r x1vvkbs xtlvy1s x126k92a\">\n<div dir=\"auto\"><\/div>\n<\/div>\n<\/div>\n<\/div>\n<div class=\"x11i5rnm xat24cr x1mh8g0r x1vvkbs xtlvy1s x126k92a\">\n<div dir=\"auto\"><\/div>\n<\/div>\n<\/div>\n<\/div>\n<\/div>\n<\/div>\n<\/div>\n<\/div>\n<\/div>\n<\/div>\n<div dir=\"auto\"><img loading=\"lazy\" decoding=\"async\" class=\"alignnone size-full wp-image-2164\" src=\"https:\/\/muniabancay.gob.pe\/web\/wp-content\/uploads\/2023\/06\/351116783_2064378897242591_5164338782335015979_n.jpg\" alt=\"\" width=\"2048\" height=\"1365\" srcset=\"https:\/\/muniabancay.gob.pe\/web\/wp-content\/uploads\/2023\/06\/351116783_2064378897242591_5164338782335015979_n.jpg 2048w, https:\/\/muniabancay.gob.pe\/web\/wp-content\/uploads\/2023\/06\/351116783_2064378897242591_5164338782335015979_n-300x200.jpg 300w, https:\/\/muniabancay.gob.pe\/web\/wp-content\/uploads\/2023\/06\/351116783_2064378897242591_5164338782335015979_n-1024x683.jpg 1024w, https:\/\/muniabancay.gob.pe\/web\/wp-content\/uploads\/2023\/06\/351116783_2064378897242591_5164338782335015979_n-768x512.jpg 768w, https:\/\/muniabancay.gob.pe\/web\/wp-content\/uploads\/2023\/06\/351116783_2064378897242591_5164338782335015979_n-391x260.jpg 391w, https:\/\/muniabancay.gob.pe\/web\/wp-content\/uploads\/2023\/06\/351116783_2064378897242591_5164338782335015979_n-1536x1024.jpg 1536w, https:\/\/muniabancay.gob.pe\/web\/wp-content\/uploads\/2023\/06\/351116783_2064378897242591_5164338782335015979_n-600x400.jpg 600w\" sizes=\"auto, (max-width: 2048px) 100vw, 2048px\" \/> <img loading=\"lazy\" decoding=\"async\" class=\"alignnone size-full wp-image-2165\" src=\"https:\/\/muniabancay.gob.pe\/web\/wp-content\/uploads\/2023\/06\/351133489_1201445420569172_4712697055114634439_n.jpg\" alt=\"\" width=\"2048\" height=\"1365\" srcset=\"https:\/\/muniabancay.gob.pe\/web\/wp-content\/uploads\/2023\/06\/351133489_1201445420569172_4712697055114634439_n.jpg 2048w, https:\/\/muniabancay.gob.pe\/web\/wp-content\/uploads\/2023\/06\/351133489_1201445420569172_4712697055114634439_n-300x200.jpg 300w, https:\/\/muniabancay.gob.pe\/web\/wp-content\/uploads\/2023\/06\/351133489_1201445420569172_4712697055114634439_n-1024x683.jpg 1024w, https:\/\/muniabancay.gob.pe\/web\/wp-content\/uploads\/2023\/06\/351133489_1201445420569172_4712697055114634439_n-768x512.jpg 768w, https:\/\/muniabancay.gob.pe\/web\/wp-content\/uploads\/2023\/06\/351133489_1201445420569172_4712697055114634439_n-391x260.jpg 391w, https:\/\/muniabancay.gob.pe\/web\/wp-content\/uploads\/2023\/06\/351133489_1201445420569172_4712697055114634439_n-1536x1024.jpg 1536w, https:\/\/muniabancay.gob.pe\/web\/wp-content\/uploads\/2023\/06\/351133489_1201445420569172_4712697055114634439_n-600x400.jpg 600w\" sizes=\"auto, (max-width: 2048px) 100vw, 2048px\" \/> <img loading=\"lazy\" decoding=\"async\" class=\"alignnone size-full wp-image-2166\" src=\"https:\/\/muniabancay.gob.pe\/web\/wp-content\/uploads\/2023\/06\/351150008_938437950816555_440729288669656037_n.jpg\" alt=\"\" width=\"2048\" height=\"1365\" srcset=\"https:\/\/muniabancay.gob.pe\/web\/wp-content\/uploads\/2023\/06\/351150008_938437950816555_440729288669656037_n.jpg 2048w, https:\/\/muniabancay.gob.pe\/web\/wp-content\/uploads\/2023\/06\/351150008_938437950816555_440729288669656037_n-300x200.jpg 300w, https:\/\/muniabancay.gob.pe\/web\/wp-content\/uploads\/2023\/06\/351150008_938437950816555_440729288669656037_n-1024x683.jpg 1024w, https:\/\/muniabancay.gob.pe\/web\/wp-content\/uploads\/2023\/06\/351150008_938437950816555_440729288669656037_n-768x512.jpg 768w, https:\/\/muniabancay.gob.pe\/web\/wp-content\/uploads\/2023\/06\/351150008_938437950816555_440729288669656037_n-391x260.jpg 391w, https:\/\/muniabancay.gob.pe\/web\/wp-content\/uploads\/2023\/06\/351150008_938437950816555_440729288669656037_n-1536x1024.jpg 1536w, https:\/\/muniabancay.gob.pe\/web\/wp-content\/uploads\/2023\/06\/351150008_938437950816555_440729288669656037_n-600x400.jpg 600w\" sizes=\"auto, (max-width: 2048px) 100vw, 2048px\" \/> <img loading=\"lazy\" decoding=\"async\" class=\"alignnone size-full wp-image-2167\" src=\"https:\/\/muniabancay.gob.pe\/web\/wp-content\/uploads\/2023\/06\/351190370_948056063003695_2831636246319917654_n.jpg\" alt=\"\" width=\"2048\" height=\"1365\" srcset=\"https:\/\/muniabancay.gob.pe\/web\/wp-content\/uploads\/2023\/06\/351190370_948056063003695_2831636246319917654_n.jpg 2048w, https:\/\/muniabancay.gob.pe\/web\/wp-content\/uploads\/2023\/06\/351190370_948056063003695_2831636246319917654_n-300x200.jpg 300w, https:\/\/muniabancay.gob.pe\/web\/wp-content\/uploads\/2023\/06\/351190370_948056063003695_2831636246319917654_n-1024x683.jpg 1024w, https:\/\/muniabancay.gob.pe\/web\/wp-content\/uploads\/2023\/06\/351190370_948056063003695_2831636246319917654_n-768x512.jpg 768w, https:\/\/muniabancay.gob.pe\/web\/wp-content\/uploads\/2023\/06\/351190370_948056063003695_2831636246319917654_n-391x260.jpg 391w, https:\/\/muniabancay.gob.pe\/web\/wp-content\/uploads\/2023\/06\/351190370_948056063003695_2831636246319917654_n-1536x1024.jpg 1536w, https:\/\/muniabancay.gob.pe\/web\/wp-content\/uploads\/2023\/06\/351190370_948056063003695_2831636246319917654_n-600x400.jpg 600w\" sizes=\"auto, (max-width: 2048px) 100vw, 2048px\" \/> <img loading=\"lazy\" decoding=\"async\" class=\"alignnone size-full wp-image-2168\" src=\"https:\/\/muniabancay.gob.pe\/web\/wp-content\/uploads\/2023\/06\/351210482_237738708954346_1369041214496642777_n.jpg\" alt=\"\" width=\"2048\" height=\"1365\" srcset=\"https:\/\/muniabancay.gob.pe\/web\/wp-content\/uploads\/2023\/06\/351210482_237738708954346_1369041214496642777_n.jpg 2048w, https:\/\/muniabancay.gob.pe\/web\/wp-content\/uploads\/2023\/06\/351210482_237738708954346_1369041214496642777_n-300x200.jpg 300w, https:\/\/muniabancay.gob.pe\/web\/wp-content\/uploads\/2023\/06\/351210482_237738708954346_1369041214496642777_n-1024x683.jpg 1024w, https:\/\/muniabancay.gob.pe\/web\/wp-content\/uploads\/2023\/06\/351210482_237738708954346_1369041214496642777_n-768x512.jpg 768w, https:\/\/muniabancay.gob.pe\/web\/wp-content\/uploads\/2023\/06\/351210482_237738708954346_1369041214496642777_n-391x260.jpg 391w, https:\/\/muniabancay.gob.pe\/web\/wp-content\/uploads\/2023\/06\/351210482_237738708954346_1369041214496642777_n-1536x1024.jpg 1536w, https:\/\/muniabancay.gob.pe\/web\/wp-content\/uploads\/2023\/06\/351210482_237738708954346_1369041214496642777_n-600x400.jpg 600w\" sizes=\"auto, (max-width: 2048px) 100vw, 2048px\" \/> <img loading=\"lazy\" decoding=\"async\" class=\"alignnone size-full wp-image-2169\" src=\"https:\/\/muniabancay.gob.pe\/web\/wp-content\/uploads\/2023\/06\/351303722_959895401877985_1584219304757072518_n.jpg\" alt=\"\" width=\"2048\" height=\"1365\" srcset=\"https:\/\/muniabancay.gob.pe\/web\/wp-content\/uploads\/2023\/06\/351303722_959895401877985_1584219304757072518_n.jpg 2048w, https:\/\/muniabancay.gob.pe\/web\/wp-content\/uploads\/2023\/06\/351303722_959895401877985_1584219304757072518_n-300x200.jpg 300w, https:\/\/muniabancay.gob.pe\/web\/wp-content\/uploads\/2023\/06\/351303722_959895401877985_1584219304757072518_n-1024x683.jpg 1024w, https:\/\/muniabancay.gob.pe\/web\/wp-content\/uploads\/2023\/06\/351303722_959895401877985_1584219304757072518_n-768x512.jpg 768w, https:\/\/muniabancay.gob.pe\/web\/wp-content\/uploads\/2023\/06\/351303722_959895401877985_1584219304757072518_n-391x260.jpg 391w, https:\/\/muniabancay.gob.pe\/web\/wp-content\/uploads\/2023\/06\/351303722_959895401877985_1584219304757072518_n-1536x1024.jpg 1536w, https:\/\/muniabancay.gob.pe\/web\/wp-content\/uploads\/2023\/06\/351303722_959895401877985_1584219304757072518_n-600x400.jpg 600w\" sizes=\"auto, (max-width: 2048px) 100vw, 2048px\" \/><\/div>\n<\/div>\n<\/div>\n<\/div>\n<\/div>\n<\/div>\n<\/div>\n<\/div>\n<\/div>\n<\/div>\n<\/div>\n<\/div>\n<\/div>\n<\/div>\n<div dir=\"auto\">\n<div class=\"x11i5rnm xat24cr x1mh8g0r x1vvkbs xtlvy1s x126k92a\">\n<div dir=\"auto\">\n<div dir=\"auto\">\n<div class=\"x11i5rnm xat24cr x1mh8g0r x1vvkbs xtlvy1s x126k92a\">\n<div dir=\"auto\">\n<div class=\"x11i5rnm xat24cr x1mh8g0r x1vvkbs xtlvy1s x126k92a\">\n<div dir=\"auto\"><\/div>\n<\/div>\n<\/div>\n<\/div>\n<div class=\"x11i5rnm xat24cr x1mh8g0r x1vvkbs xtlvy1s x126k92a\">\n<div dir=\"auto\"><\/div>\n<\/div>\n<\/div>\n<\/div>\n<\/div>\n<\/div>\n<\/div>\n<\/div>\n<\/div>\n<\/div>\n<\/div>\n<\/div>\n<\/div>\n<\/div>\n<\/div>\n<\/div>\n<\/div>\n<\/div>\n<\/div>\n<\/div>\n<\/div>\n<\/div>\n<\/div>\n<\/div>\n<\/div>\n<\/div>\n<\/div>\n<\/div>\n<\/div>\n<\/div>\n<\/div>\n<\/div>\n<\/div>\n<\/div>\n","protected":false},"excerpt":{"rendered":"<p>La Universidad Tecnol\u00f3gica de los Andes realizo el d\u00eda viernes 02 de Junio, la \u201cConferencia Magistral: ESTADO &#8211; UNIVERSIDAD &#8211; EMPRESA &#8211; INVESTIGACI\u00d3N\u201d, en las instalaciones del auditorio Jos\u00e9 Mar\u00eda Arguedas de la Universidad Tecnol\u00f3gica de los Andes. La ceremonia cont\u00f3 con la presencia del primer regidor Jos\u00e9 Domingo Miranda Espinoza as\u00ed como los integrantes<\/p>\n","protected":false},"author":1,"featured_media":2170,"comment_status":"open","ping_status":"open","sticky":false,"template":"","format":"standard","meta":{"footnotes":""},"categories":[20],"tags":[78,95,79],"class_list":["post-2163","post","type-post","status-publish","format-standard","has-post-thumbnail","hentry","category-noticias","tag-abancay","tag-audiencia-publica","tag-poblacion"],"yoast_head":"<!-- This site is optimized with the Yoast SEO plugin v21.8 - https:\/\/yoast.com\/wordpress\/plugins\/seo\/ -->\n<title>\u201cConferencia Magistral: Estado - Universidad - Empresa - Investigaci\u00f3n\u201d - Municipalidad Provincial de Abancay<\/title>\n<meta name=\"robots\" content=\"index, follow, max-snippet:-1, max-image-preview:large, max-video-preview:-1\" \/>\n<link rel=\"canonical\" href=\"https:\/\/muniabancay.gob.pe\/web\/2023\/06\/03\/conferencia-magistral-estado-universidad-empresa-investigacion\/\" \/>\n<meta property=\"og:locale\" content=\"es_ES\" \/>\n<meta property=\"og:type\" content=\"article\" \/>\n<meta property=\"og:title\" content=\"\u201cConferencia Magistral: Estado - Universidad - Empresa - Investigaci\u00f3n\u201d - Municipalidad Provincial de Abancay\" \/>\n<meta property=\"og:description\" content=\"La Universidad Tecnol\u00f3gica de los Andes realizo el d\u00eda viernes 02 de Junio, la \u201cConferencia Magistral: ESTADO &#8211; UNIVERSIDAD &#8211; EMPRESA &#8211; INVESTIGACI\u00d3N\u201d, en las instalaciones del auditorio Jos\u00e9 Mar\u00eda Arguedas de la Universidad Tecnol\u00f3gica de los Andes. La ceremonia cont\u00f3 con la presencia del primer regidor Jos\u00e9 Domingo Miranda Espinoza as\u00ed como los integrantes\" \/>\n<meta property=\"og:url\" content=\"https:\/\/muniabancay.gob.pe\/web\/2023\/06\/03\/conferencia-magistral-estado-universidad-empresa-investigacion\/\" \/>\n<meta property=\"og:site_name\" content=\"Municipalidad Provincial de Abancay\" \/>\n<meta property=\"article:publisher\" content=\"https:\/\/www.facebook.com\/profile.php?id=61551095133565\" \/>\n<meta property=\"article:published_time\" content=\"2023-06-03T13:38:48+00:00\" \/>\n<meta property=\"article:modified_time\" content=\"2023-06-05T13:39:16+00:00\" \/>\n<meta property=\"og:image\" content=\"https:\/\/muniabancay.gob.pe\/web\/wp-content\/uploads\/2023\/06\/eve01.jpg\" \/>\n\t<meta property=\"og:image:width\" content=\"770\" \/>\n\t<meta property=\"og:image:height\" content=\"400\" \/>\n\t<meta property=\"og:image:type\" content=\"image\/jpeg\" \/>\n<meta name=\"author\" content=\"administrador\" \/>\n<meta name=\"twitter:card\" content=\"summary_large_image\" \/>\n<meta name=\"twitter:label1\" content=\"Written by\" \/>\n\t<meta name=\"twitter:data1\" content=\"administrador\" \/>\n\t<meta name=\"twitter:label2\" content=\"Est. reading time\" \/>\n\t<meta name=\"twitter:data2\" content=\"1 minuto\" \/>\n<script type=\"application\/ld+json\" class=\"yoast-schema-graph\">{\"@context\":\"https:\/\/schema.org\",\"@graph\":[{\"@type\":\"Article\",\"@id\":\"https:\/\/muniabancay.gob.pe\/web\/2023\/06\/03\/conferencia-magistral-estado-universidad-empresa-investigacion\/#article\",\"isPartOf\":{\"@id\":\"https:\/\/muniabancay.gob.pe\/web\/2023\/06\/03\/conferencia-magistral-estado-universidad-empresa-investigacion\/\"},\"author\":{\"name\":\"administrador\",\"@id\":\"https:\/\/muniabancay.gob.pe\/web\/#\/schema\/person\/a546ce53925da8a15f1d4aee16d2c7b4\"},\"headline\":\"\u201cConferencia Magistral: Estado &#8211; Universidad &#8211; Empresa &#8211; Investigaci\u00f3n\u201d\",\"datePublished\":\"2023-06-03T13:38:48+00:00\",\"dateModified\":\"2023-06-05T13:39:16+00:00\",\"mainEntityOfPage\":{\"@id\":\"https:\/\/muniabancay.gob.pe\/web\/2023\/06\/03\/conferencia-magistral-estado-universidad-empresa-investigacion\/\"},\"wordCount\":153,\"commentCount\":0,\"publisher\":{\"@id\":\"https:\/\/muniabancay.gob.pe\/web\/#organization\"},\"keywords\":[\"Abancay\",\"Audiencia P\u00fablica\",\"Poblaci\u00f3n\"],\"articleSection\":[\"Noticias\"],\"inLanguage\":\"es-PE\",\"potentialAction\":[{\"@type\":\"CommentAction\",\"name\":\"Comment\",\"target\":[\"https:\/\/muniabancay.gob.pe\/web\/2023\/06\/03\/conferencia-magistral-estado-universidad-empresa-investigacion\/#respond\"]}]},{\"@type\":\"WebPage\",\"@id\":\"https:\/\/muniabancay.gob.pe\/web\/2023\/06\/03\/conferencia-magistral-estado-universidad-empresa-investigacion\/\",\"url\":\"https:\/\/muniabancay.gob.pe\/web\/2023\/06\/03\/conferencia-magistral-estado-universidad-empresa-investigacion\/\",\"name\":\"\u201cConferencia Magistral: Estado - Universidad - Empresa - Investigaci\u00f3n\u201d - Municipalidad Provincial de Abancay\",\"isPartOf\":{\"@id\":\"https:\/\/muniabancay.gob.pe\/web\/#website\"},\"datePublished\":\"2023-06-03T13:38:48+00:00\",\"dateModified\":\"2023-06-05T13:39:16+00:00\",\"breadcrumb\":{\"@id\":\"https:\/\/muniabancay.gob.pe\/web\/2023\/06\/03\/conferencia-magistral-estado-universidad-empresa-investigacion\/#breadcrumb\"},\"inLanguage\":\"es-PE\",\"potentialAction\":[{\"@type\":\"ReadAction\",\"target\":[\"https:\/\/muniabancay.gob.pe\/web\/2023\/06\/03\/conferencia-magistral-estado-universidad-empresa-investigacion\/\"]}]},{\"@type\":\"BreadcrumbList\",\"@id\":\"https:\/\/muniabancay.gob.pe\/web\/2023\/06\/03\/conferencia-magistral-estado-universidad-empresa-investigacion\/#breadcrumb\",\"itemListElement\":[{\"@type\":\"ListItem\",\"position\":1,\"name\":\"Portada\",\"item\":\"https:\/\/muniabancay.gob.pe\/web\/\"},{\"@type\":\"ListItem\",\"position\":2,\"name\":\"\u201cConferencia Magistral: Estado &#8211; Universidad &#8211; Empresa &#8211; Investigaci\u00f3n\u201d\"}]},{\"@type\":\"WebSite\",\"@id\":\"https:\/\/muniabancay.gob.pe\/web\/#website\",\"url\":\"https:\/\/muniabancay.gob.pe\/web\/\",\"name\":\"Municipalidad Provincial de Abancay\",\"description\":\"MPA\",\"publisher\":{\"@id\":\"https:\/\/muniabancay.gob.pe\/web\/#organization\"},\"alternateName\":\"Municipalidad Provincial de Abancay\",\"potentialAction\":[{\"@type\":\"SearchAction\",\"target\":{\"@type\":\"EntryPoint\",\"urlTemplate\":\"https:\/\/muniabancay.gob.pe\/web\/?s={search_term_string}\"},\"query-input\":\"required name=search_term_string\"}],\"inLanguage\":\"es-PE\"},{\"@type\":\"Organization\",\"@id\":\"https:\/\/muniabancay.gob.pe\/web\/#organization\",\"name\":\"Municipalidad Provincial de Abancay\",\"alternateName\":\"Municipalidad Provincial de Abancay\",\"url\":\"https:\/\/muniabancay.gob.pe\/web\/\",\"logo\":{\"@type\":\"ImageObject\",\"inLanguage\":\"es-PE\",\"@id\":\"https:\/\/muniabancay.gob.pe\/web\/#\/schema\/logo\/image\/\",\"url\":\"https:\/\/muniabancay.gob.pe\/web\/wp-content\/uploads\/2023\/10\/logo_abc23.png\",\"contentUrl\":\"https:\/\/muniabancay.gob.pe\/web\/wp-content\/uploads\/2023\/10\/logo_abc23.png\",\"width\":699,\"height\":700,\"caption\":\"Municipalidad Provincial de Abancay\"},\"image\":{\"@id\":\"https:\/\/muniabancay.gob.pe\/web\/#\/schema\/logo\/image\/\"},\"sameAs\":[\"https:\/\/www.facebook.com\/profile.php?id=61551095133565\",\"https:\/\/www.tiktok.com\/@tiktokmuniabancay?_t=8cBFA7r1OHV&_r=1\"]},{\"@type\":\"Person\",\"@id\":\"https:\/\/muniabancay.gob.pe\/web\/#\/schema\/person\/a546ce53925da8a15f1d4aee16d2c7b4\",\"name\":\"administrador\",\"image\":{\"@type\":\"ImageObject\",\"inLanguage\":\"es-PE\",\"@id\":\"https:\/\/muniabancay.gob.pe\/web\/#\/schema\/person\/image\/\",\"url\":\"https:\/\/secure.gravatar.com\/avatar\/d91b6b272509bdfb13debe638095bca067743d84d1c2867ab3a6b6407fa1c9b0?s=96&d=mm&r=g\",\"contentUrl\":\"https:\/\/secure.gravatar.com\/avatar\/d91b6b272509bdfb13debe638095bca067743d84d1c2867ab3a6b6407fa1c9b0?s=96&d=mm&r=g\",\"caption\":\"administrador\"},\"sameAs\":[\"https:\/\/muniabancay.gob.pe\/web\"],\"url\":\"https:\/\/muniabancay.gob.pe\/web\/author\/administrador\/\"}]}<\/script>\n<!-- \/ Yoast SEO plugin. -->","yoast_head_json":{"title":"\u201cConferencia Magistral: Estado - Universidad - Empresa - Investigaci\u00f3n\u201d - Municipalidad Provincial de Abancay","robots":{"index":"index","follow":"follow","max-snippet":"max-snippet:-1","max-image-preview":"max-image-preview:large","max-video-preview":"max-video-preview:-1"},"canonical":"https:\/\/muniabancay.gob.pe\/web\/2023\/06\/03\/conferencia-magistral-estado-universidad-empresa-investigacion\/","og_locale":"es_ES","og_type":"article","og_title":"\u201cConferencia Magistral: Estado - Universidad - Empresa - Investigaci\u00f3n\u201d - Municipalidad Provincial de Abancay","og_description":"La Universidad Tecnol\u00f3gica de los Andes realizo el d\u00eda viernes 02 de Junio, la \u201cConferencia Magistral: ESTADO &#8211; UNIVERSIDAD &#8211; EMPRESA &#8211; INVESTIGACI\u00d3N\u201d, en las instalaciones del auditorio Jos\u00e9 Mar\u00eda Arguedas de la Universidad Tecnol\u00f3gica de los Andes. La ceremonia cont\u00f3 con la presencia del primer regidor Jos\u00e9 Domingo Miranda Espinoza as\u00ed como los integrantes","og_url":"https:\/\/muniabancay.gob.pe\/web\/2023\/06\/03\/conferencia-magistral-estado-universidad-empresa-investigacion\/","og_site_name":"Municipalidad Provincial de Abancay","article_publisher":"https:\/\/www.facebook.com\/profile.php?id=61551095133565","article_published_time":"2023-06-03T13:38:48+00:00","article_modified_time":"2023-06-05T13:39:16+00:00","og_image":[{"width":770,"height":400,"url":"https:\/\/muniabancay.gob.pe\/web\/wp-content\/uploads\/2023\/06\/eve01.jpg","type":"image\/jpeg"}],"author":"administrador","twitter_card":"summary_large_image","twitter_misc":{"Written by":"administrador","Est. reading time":"1 minuto"},"schema":{"@context":"https:\/\/schema.org","@graph":[{"@type":"Article","@id":"https:\/\/muniabancay.gob.pe\/web\/2023\/06\/03\/conferencia-magistral-estado-universidad-empresa-investigacion\/#article","isPartOf":{"@id":"https:\/\/muniabancay.gob.pe\/web\/2023\/06\/03\/conferencia-magistral-estado-universidad-empresa-investigacion\/"},"author":{"name":"administrador","@id":"https:\/\/muniabancay.gob.pe\/web\/#\/schema\/person\/a546ce53925da8a15f1d4aee16d2c7b4"},"headline":"\u201cConferencia Magistral: Estado &#8211; Universidad &#8211; Empresa &#8211; Investigaci\u00f3n\u201d","datePublished":"2023-06-03T13:38:48+00:00","dateModified":"2023-06-05T13:39:16+00:00","mainEntityOfPage":{"@id":"https:\/\/muniabancay.gob.pe\/web\/2023\/06\/03\/conferencia-magistral-estado-universidad-empresa-investigacion\/"},"wordCount":153,"commentCount":0,"publisher":{"@id":"https:\/\/muniabancay.gob.pe\/web\/#organization"},"keywords":["Abancay","Audiencia P\u00fablica","Poblaci\u00f3n"],"articleSection":["Noticias"],"inLanguage":"es-PE","potentialAction":[{"@type":"CommentAction","name":"Comment","target":["https:\/\/muniabancay.gob.pe\/web\/2023\/06\/03\/conferencia-magistral-estado-universidad-empresa-investigacion\/#respond"]}]},{"@type":"WebPage","@id":"https:\/\/muniabancay.gob.pe\/web\/2023\/06\/03\/conferencia-magistral-estado-universidad-empresa-investigacion\/","url":"https:\/\/muniabancay.gob.pe\/web\/2023\/06\/03\/conferencia-magistral-estado-universidad-empresa-investigacion\/","name":"\u201cConferencia Magistral: Estado - Universidad - Empresa - Investigaci\u00f3n\u201d - Municipalidad Provincial de Abancay","isPartOf":{"@id":"https:\/\/muniabancay.gob.pe\/web\/#website"},"datePublished":"2023-06-03T13:38:48+00:00","dateModified":"2023-06-05T13:39:16+00:00","breadcrumb":{"@id":"https:\/\/muniabancay.gob.pe\/web\/2023\/06\/03\/conferencia-magistral-estado-universidad-empresa-investigacion\/#breadcrumb"},"inLanguage":"es-PE","potentialAction":[{"@type":"ReadAction","target":["https:\/\/muniabancay.gob.pe\/web\/2023\/06\/03\/conferencia-magistral-estado-universidad-empresa-investigacion\/"]}]},{"@type":"BreadcrumbList","@id":"https:\/\/muniabancay.gob.pe\/web\/2023\/06\/03\/conferencia-magistral-estado-universidad-empresa-investigacion\/#breadcrumb","itemListElement":[{"@type":"ListItem","position":1,"name":"Portada","item":"https:\/\/muniabancay.gob.pe\/web\/"},{"@type":"ListItem","position":2,"name":"\u201cConferencia Magistral: Estado &#8211; Universidad &#8211; Empresa &#8211; Investigaci\u00f3n\u201d"}]},{"@type":"WebSite","@id":"https:\/\/muniabancay.gob.pe\/web\/#website","url":"https:\/\/muniabancay.gob.pe\/web\/","name":"Municipalidad Provincial de Abancay","description":"MPA","publisher":{"@id":"https:\/\/muniabancay.gob.pe\/web\/#organization"},"alternateName":"Municipalidad Provincial de Abancay","potentialAction":[{"@type":"SearchAction","target":{"@type":"EntryPoint","urlTemplate":"https:\/\/muniabancay.gob.pe\/web\/?s={search_term_string}"},"query-input":"required name=search_term_string"}],"inLanguage":"es-PE"},{"@type":"Organization","@id":"https:\/\/muniabancay.gob.pe\/web\/#organization","name":"Municipalidad Provincial de Abancay","alternateName":"Municipalidad Provincial de Abancay","url":"https:\/\/muniabancay.gob.pe\/web\/","logo":{"@type":"ImageObject","inLanguage":"es-PE","@id":"https:\/\/muniabancay.gob.pe\/web\/#\/schema\/logo\/image\/","url":"https:\/\/muniabancay.gob.pe\/web\/wp-content\/uploads\/2023\/10\/logo_abc23.png","contentUrl":"https:\/\/muniabancay.gob.pe\/web\/wp-content\/uploads\/2023\/10\/logo_abc23.png","width":699,"height":700,"caption":"Municipalidad Provincial de Abancay"},"image":{"@id":"https:\/\/muniabancay.gob.pe\/web\/#\/schema\/logo\/image\/"},"sameAs":["https:\/\/www.facebook.com\/profile.php?id=61551095133565","https:\/\/www.tiktok.com\/@tiktokmuniabancay?_t=8cBFA7r1OHV&_r=1"]},{"@type":"Person","@id":"https:\/\/muniabancay.gob.pe\/web\/#\/schema\/person\/a546ce53925da8a15f1d4aee16d2c7b4","name":"administrador","image":{"@type":"ImageObject","inLanguage":"es-PE","@id":"https:\/\/muniabancay.gob.pe\/web\/#\/schema\/person\/image\/","url":"https:\/\/secure.gravatar.com\/avatar\/d91b6b272509bdfb13debe638095bca067743d84d1c2867ab3a6b6407fa1c9b0?s=96&d=mm&r=g","contentUrl":"https:\/\/secure.gravatar.com\/avatar\/d91b6b272509bdfb13debe638095bca067743d84d1c2867ab3a6b6407fa1c9b0?s=96&d=mm&r=g","caption":"administrador"},"sameAs":["https:\/\/muniabancay.gob.pe\/web"],"url":"https:\/\/muniabancay.gob.pe\/web\/author\/administrador\/"}]}},"_links":{"self":[{"href":"https:\/\/muniabancay.gob.pe\/web\/wp-json\/wp\/v2\/posts\/2163","targetHints":{"allow":["GET"]}}],"collection":[{"href":"https:\/\/muniabancay.gob.pe\/web\/wp-json\/wp\/v2\/posts"}],"about":[{"href":"https:\/\/muniabancay.gob.pe\/web\/wp-json\/wp\/v2\/types\/post"}],"author":[{"embeddable":true,"href":"https:\/\/muniabancay.gob.pe\/web\/wp-json\/wp\/v2\/users\/1"}],"replies":[{"embeddable":true,"href":"https:\/\/muniabancay.gob.pe\/web\/wp-json\/wp\/v2\/comments?post=2163"}],"version-history":[{"count":1,"href":"https:\/\/muniabancay.gob.pe\/web\/wp-json\/wp\/v2\/posts\/2163\/revisions"}],"predecessor-version":[{"id":2171,"href":"https:\/\/muniabancay.gob.pe\/web\/wp-json\/wp\/v2\/posts\/2163\/revisions\/2171"}],"wp:featuredmedia":[{"embeddable":true,"href":"https:\/\/muniabancay.gob.pe\/web\/wp-json\/wp\/v2\/media\/2170"}],"wp:attachment":[{"href":"https:\/\/muniabancay.gob.pe\/web\/wp-json\/wp\/v2\/media?parent=2163"}],"wp:term":[{"taxonomy":"category","embeddable":true,"href":"https:\/\/muniabancay.gob.pe\/web\/wp-json\/wp\/v2\/categories?post=2163"},{"taxonomy":"post_tag","embeddable":true,"href":"https:\/\/muniabancay.gob.pe\/web\/wp-json\/wp\/v2\/tags?post=2163"}],"curies":[{"name":"wp","href":"https:\/\/api.w.org\/{rel}","templated":true}]}}