{"id":2214,"date":"2023-06-06T12:47:25","date_gmt":"2023-06-06T17:47:25","guid":{"rendered":"https:\/\/muniabancay.gob.pe\/web\/?p=2214"},"modified":"2023-06-06T12:47:25","modified_gmt":"2023-06-06T17:47:25","slug":"mpa-da-la-bienvenida-a-la-virgen-de-cocharcas-en-la-celebracion-por-sus-425-anos-de-llegada-a-la-region","status":"publish","type":"post","link":"https:\/\/muniabancay.gob.pe\/web\/2023\/06\/06\/mpa-da-la-bienvenida-a-la-virgen-de-cocharcas-en-la-celebracion-por-sus-425-anos-de-llegada-a-la-region\/","title":{"rendered":"\u201cMPA: Da La Bienvenida A La Virgen De Cocharcas En La Celebraci\u00f3n Por Sus 425\u00b0 A\u00f1os De Llegada A La Regi\u00f3n\u201d"},"content":{"rendered":"<div class=\"x11i5rnm xat24cr x1mh8g0r x1vvkbs xtlvy1s x126k92a\">\n<div dir=\"auto\">\n<div class=\"x11i5rnm xat24cr x1mh8g0r x1vvkbs xtlvy1s x126k92a\">\n<div dir=\"auto\">\n<div class=\"x11i5rnm xat24cr x1mh8g0r x1vvkbs xtlvy1s x126k92a\">\n<div dir=\"auto\">\n<div class=\"x11i5rnm xat24cr x1mh8g0r x1vvkbs xtlvy1s x126k92a\">\n<div dir=\"auto\">\n<div class=\"x11i5rnm xat24cr x1mh8g0r x1vvkbs xtlvy1s x126k92a\">\n<div dir=\"auto\">\n<div dir=\"auto\">\n<div class=\"x11i5rnm xat24cr x1mh8g0r x1vvkbs xtlvy1s x126k92a\">\n<div dir=\"auto\">\n<div class=\"x11i5rnm xat24cr x1mh8g0r x1vvkbs xtlvy1s x126k92a\">\n<div dir=\"auto\">\n<div class=\"x11i5rnm xat24cr x1mh8g0r x1vvkbs xtlvy1s x126k92a\">\n<div dir=\"auto\">\n<div class=\"x11i5rnm xat24cr x1mh8g0r x1vvkbs xtlvy1s x126k92a\">\n<div dir=\"auto\">\n<div class=\"x11i5rnm xat24cr x1mh8g0r x1vvkbs xtlvy1s x126k92a\">\n<div dir=\"auto\">\n<div class=\"x11i5rnm xat24cr x1mh8g0r x1vvkbs xtlvy1s x126k92a\">\n<div dir=\"auto\">\n<div dir=\"auto\">\n<div dir=\"auto\">\n<div class=\"x11i5rnm xat24cr x1mh8g0r x1vvkbs xtlvy1s x126k92a\">\n<div dir=\"auto\">\n<div class=\"x11i5rnm xat24cr x1mh8g0r x1vvkbs xtlvy1s x126k92a\">\n<div dir=\"auto\">\n<div class=\"x11i5rnm xat24cr x1mh8g0r x1vvkbs xtlvy1s x126k92a\">\n<div dir=\"auto\">\n<div dir=\"auto\">\n<div class=\"x11i5rnm xat24cr x1mh8g0r x1vvkbs xtlvy1s x126k92a\">\n<div dir=\"auto\">\n<div class=\"x11i5rnm xat24cr x1mh8g0r x1vvkbs xtlvy1s x126k92a\">\n<div dir=\"auto\">\n<div dir=\"auto\">\n<div class=\"x11i5rnm xat24cr x1mh8g0r x1vvkbs xtlvy1s x126k92a\">\n<div dir=\"auto\">\n<div class=\"x11i5rnm xat24cr x1mh8g0r x1vvkbs xtlvy1s x126k92a\">\n<div dir=\"auto\">\n<div class=\"x11i5rnm xat24cr x1mh8g0r x1vvkbs xtlvy1s x126k92a\">\n<div dir=\"auto\">\n<div class=\"x11i5rnm xat24cr x1mh8g0r x1vvkbs xtlvy1s x126k92a\">\n<div dir=\"auto\">\n<div class=\"x11i5rnm xat24cr x1mh8g0r x1vvkbs xtlvy1s x126k92a\">\n<div dir=\"auto\">\n<div class=\"x11i5rnm xat24cr x1mh8g0r x1vvkbs xtlvy1s x126k92a\">\n<div dir=\"auto\">\n<div class=\"x11i5rnm xat24cr x1mh8g0r x1vvkbs xtlvy1s x126k92a\">\n<div dir=\"auto\">\n<div class=\"x11i5rnm xat24cr x1mh8g0r x1vvkbs xtlvy1s x126k92a\">\n<div dir=\"auto\">\n<div class=\"x11i5rnm xat24cr x1mh8g0r x1vvkbs xtlvy1s x126k92a\">\n<div dir=\"auto\">\n<div class=\"x11i5rnm xat24cr x1mh8g0r x1vvkbs xtlvy1s x126k92a\">\n<div dir=\"auto\">\n<div class=\"x11i5rnm xat24cr x1mh8g0r x1vvkbs xtlvy1s x126k92a\">\n<div dir=\"auto\">\n<div class=\"x11i5rnm xat24cr x1mh8g0r x1vvkbs xtlvy1s x126k92a\">\n<div dir=\"auto\">\n<div class=\"x11i5rnm xat24cr x1mh8g0r x1vvkbs xtlvy1s x126k92a\">\n<div dir=\"auto\">\n<div class=\"x11i5rnm xat24cr x1mh8g0r x1vvkbs xtlvy1s x126k92a\">\n<div dir=\"auto\">\n<div class=\"x11i5rnm xat24cr x1mh8g0r x1vvkbs xtlvy1s x126k92a\">\n<div dir=\"auto\">La Municipalidad Provincial de Abancay, se une a la celebraci\u00f3n por los 425 a\u00f1os de la llegada de la sagrada imagen de la Virgen de Cocharcas a la regi\u00f3n. En un emotivo acto de fe, la instituci\u00f3n edil recibi\u00f3 a la Virgen en la gruta del patio central de la instituci\u00f3n, en presencia de autoridades, funcionarios y servidores p\u00fablicos.<\/div>\n<div dir=\"auto\">Asimismo, se enorgullece de haber sido la primera instituci\u00f3n en recibir y darle la bienvenida a la Virgen de Cocharcas, acompa\u00f1ados de sus quimichus y precedido por el padre Doroteo Santos Borda y el Padre Mario Timoteo Santi Guizado.<\/div>\n<div dir=\"auto\">La Regidora Lic. Gladys G\u00f3mez Gamboa y el Gerente Municipal, Ing. Erick Alarc\u00f3n Camacho, estuvieron presentes en el evento, uni\u00e9ndose en oraci\u00f3n y agradecimiento por la visita de la Virgen.<\/div>\n<div dir=\"auto\">La llegada de la Virgen de Cocharcas es un evento muy importante para la regi\u00f3n, y la Municipalidad Provincial de Abancay, se siente honrada de haber sido parte de esta celebraci\u00f3n. La instituci\u00f3n invita a todos los abanquinos a unirse y agradecer a la Virgen por su infinita bondad y amor.<\/div>\n<\/div>\n<div class=\"x11i5rnm xat24cr x1mh8g0r x1vvkbs xtlvy1s x126k92a\">\n<div dir=\"auto\">Abancay&#8230; \u00a1Ciudad alegre, hermosa y productiva!<\/div>\n<\/div>\n<\/div>\n<div dir=\"auto\"><\/div>\n<\/div>\n<\/div>\n<\/div>\n<\/div>\n<\/div>\n<\/div>\n<\/div>\n<\/div>\n<\/div>\n<\/div>\n<\/div>\n<\/div>\n<\/div>\n<\/div>\n<\/div>\n<\/div>\n<\/div>\n<\/div>\n<\/div>\n<\/div>\n<\/div>\n<\/div>\n<\/div>\n<div dir=\"auto\"><img loading=\"lazy\" decoding=\"async\" class=\"alignnone size-full wp-image-2215\" src=\"https:\/\/muniabancay.gob.pe\/web\/wp-content\/uploads\/2023\/06\/351542506_188569647133963_3393634971869070436_n.jpg\" alt=\"\" width=\"2048\" height=\"1365\" srcset=\"https:\/\/muniabancay.gob.pe\/web\/wp-content\/uploads\/2023\/06\/351542506_188569647133963_3393634971869070436_n.jpg 2048w, https:\/\/muniabancay.gob.pe\/web\/wp-content\/uploads\/2023\/06\/351542506_188569647133963_3393634971869070436_n-300x200.jpg 300w, https:\/\/muniabancay.gob.pe\/web\/wp-content\/uploads\/2023\/06\/351542506_188569647133963_3393634971869070436_n-1024x683.jpg 1024w, https:\/\/muniabancay.gob.pe\/web\/wp-content\/uploads\/2023\/06\/351542506_188569647133963_3393634971869070436_n-768x512.jpg 768w, https:\/\/muniabancay.gob.pe\/web\/wp-content\/uploads\/2023\/06\/351542506_188569647133963_3393634971869070436_n-391x260.jpg 391w, https:\/\/muniabancay.gob.pe\/web\/wp-content\/uploads\/2023\/06\/351542506_188569647133963_3393634971869070436_n-1536x1024.jpg 1536w, https:\/\/muniabancay.gob.pe\/web\/wp-content\/uploads\/2023\/06\/351542506_188569647133963_3393634971869070436_n-600x400.jpg 600w\" sizes=\"auto, (max-width: 2048px) 100vw, 2048px\" \/> <img loading=\"lazy\" decoding=\"async\" class=\"alignnone size-full wp-image-2216\" src=\"https:\/\/muniabancay.gob.pe\/web\/wp-content\/uploads\/2023\/06\/351560120_704314774787097_5672279593497641094_n.jpg\" alt=\"\" width=\"2048\" height=\"1365\" srcset=\"https:\/\/muniabancay.gob.pe\/web\/wp-content\/uploads\/2023\/06\/351560120_704314774787097_5672279593497641094_n.jpg 2048w, https:\/\/muniabancay.gob.pe\/web\/wp-content\/uploads\/2023\/06\/351560120_704314774787097_5672279593497641094_n-300x200.jpg 300w, https:\/\/muniabancay.gob.pe\/web\/wp-content\/uploads\/2023\/06\/351560120_704314774787097_5672279593497641094_n-1024x683.jpg 1024w, https:\/\/muniabancay.gob.pe\/web\/wp-content\/uploads\/2023\/06\/351560120_704314774787097_5672279593497641094_n-768x512.jpg 768w, https:\/\/muniabancay.gob.pe\/web\/wp-content\/uploads\/2023\/06\/351560120_704314774787097_5672279593497641094_n-391x260.jpg 391w, https:\/\/muniabancay.gob.pe\/web\/wp-content\/uploads\/2023\/06\/351560120_704314774787097_5672279593497641094_n-1536x1024.jpg 1536w, https:\/\/muniabancay.gob.pe\/web\/wp-content\/uploads\/2023\/06\/351560120_704314774787097_5672279593497641094_n-600x400.jpg 600w\" sizes=\"auto, (max-width: 2048px) 100vw, 2048px\" \/> <img loading=\"lazy\" decoding=\"async\" class=\"alignnone size-full wp-image-2217\" src=\"https:\/\/muniabancay.gob.pe\/web\/wp-content\/uploads\/2023\/06\/351819744_789038242881257_2001812064422811246_n.jpg\" alt=\"\" width=\"2048\" height=\"1412\" srcset=\"https:\/\/muniabancay.gob.pe\/web\/wp-content\/uploads\/2023\/06\/351819744_789038242881257_2001812064422811246_n.jpg 2048w, https:\/\/muniabancay.gob.pe\/web\/wp-content\/uploads\/2023\/06\/351819744_789038242881257_2001812064422811246_n-300x207.jpg 300w, https:\/\/muniabancay.gob.pe\/web\/wp-content\/uploads\/2023\/06\/351819744_789038242881257_2001812064422811246_n-1024x706.jpg 1024w, https:\/\/muniabancay.gob.pe\/web\/wp-content\/uploads\/2023\/06\/351819744_789038242881257_2001812064422811246_n-768x530.jpg 768w, https:\/\/muniabancay.gob.pe\/web\/wp-content\/uploads\/2023\/06\/351819744_789038242881257_2001812064422811246_n-1536x1059.jpg 1536w, https:\/\/muniabancay.gob.pe\/web\/wp-content\/uploads\/2023\/06\/351819744_789038242881257_2001812064422811246_n-350x240.jpg 350w, https:\/\/muniabancay.gob.pe\/web\/wp-content\/uploads\/2023\/06\/351819744_789038242881257_2001812064422811246_n-600x414.jpg 600w\" sizes=\"auto, (max-width: 2048px) 100vw, 2048px\" \/> <img loading=\"lazy\" decoding=\"async\" class=\"alignnone size-full wp-image-2218\" src=\"https:\/\/muniabancay.gob.pe\/web\/wp-content\/uploads\/2023\/06\/351838137_541968677942234_7573215154858084156_n.jpg\" alt=\"\" width=\"2048\" height=\"1365\" srcset=\"https:\/\/muniabancay.gob.pe\/web\/wp-content\/uploads\/2023\/06\/351838137_541968677942234_7573215154858084156_n.jpg 2048w, https:\/\/muniabancay.gob.pe\/web\/wp-content\/uploads\/2023\/06\/351838137_541968677942234_7573215154858084156_n-300x200.jpg 300w, https:\/\/muniabancay.gob.pe\/web\/wp-content\/uploads\/2023\/06\/351838137_541968677942234_7573215154858084156_n-1024x683.jpg 1024w, https:\/\/muniabancay.gob.pe\/web\/wp-content\/uploads\/2023\/06\/351838137_541968677942234_7573215154858084156_n-768x512.jpg 768w, https:\/\/muniabancay.gob.pe\/web\/wp-content\/uploads\/2023\/06\/351838137_541968677942234_7573215154858084156_n-391x260.jpg 391w, https:\/\/muniabancay.gob.pe\/web\/wp-content\/uploads\/2023\/06\/351838137_541968677942234_7573215154858084156_n-1536x1024.jpg 1536w, https:\/\/muniabancay.gob.pe\/web\/wp-content\/uploads\/2023\/06\/351838137_541968677942234_7573215154858084156_n-600x400.jpg 600w\" sizes=\"auto, (max-width: 2048px) 100vw, 2048px\" \/> <img loading=\"lazy\" decoding=\"async\" class=\"alignnone size-full wp-image-2219\" src=\"https:\/\/muniabancay.gob.pe\/web\/wp-content\/uploads\/2023\/06\/352108716_585087960404213_6311718065108839516_n.jpg\" alt=\"\" width=\"2048\" height=\"1365\" srcset=\"https:\/\/muniabancay.gob.pe\/web\/wp-content\/uploads\/2023\/06\/352108716_585087960404213_6311718065108839516_n.jpg 2048w, https:\/\/muniabancay.gob.pe\/web\/wp-content\/uploads\/2023\/06\/352108716_585087960404213_6311718065108839516_n-300x200.jpg 300w, https:\/\/muniabancay.gob.pe\/web\/wp-content\/uploads\/2023\/06\/352108716_585087960404213_6311718065108839516_n-1024x683.jpg 1024w, https:\/\/muniabancay.gob.pe\/web\/wp-content\/uploads\/2023\/06\/352108716_585087960404213_6311718065108839516_n-768x512.jpg 768w, https:\/\/muniabancay.gob.pe\/web\/wp-content\/uploads\/2023\/06\/352108716_585087960404213_6311718065108839516_n-391x260.jpg 391w, https:\/\/muniabancay.gob.pe\/web\/wp-content\/uploads\/2023\/06\/352108716_585087960404213_6311718065108839516_n-1536x1024.jpg 1536w, https:\/\/muniabancay.gob.pe\/web\/wp-content\/uploads\/2023\/06\/352108716_585087960404213_6311718065108839516_n-600x400.jpg 600w\" sizes=\"auto, (max-width: 2048px) 100vw, 2048px\" \/> <img loading=\"lazy\" decoding=\"async\" class=\"alignnone size-full wp-image-2220\" src=\"https:\/\/muniabancay.gob.pe\/web\/wp-content\/uploads\/2023\/06\/352199524_1327310878142812_5461781346621073747_n.jpg\" alt=\"\" width=\"2048\" height=\"1365\" srcset=\"https:\/\/muniabancay.gob.pe\/web\/wp-content\/uploads\/2023\/06\/352199524_1327310878142812_5461781346621073747_n.jpg 2048w, https:\/\/muniabancay.gob.pe\/web\/wp-content\/uploads\/2023\/06\/352199524_1327310878142812_5461781346621073747_n-300x200.jpg 300w, https:\/\/muniabancay.gob.pe\/web\/wp-content\/uploads\/2023\/06\/352199524_1327310878142812_5461781346621073747_n-1024x683.jpg 1024w, https:\/\/muniabancay.gob.pe\/web\/wp-content\/uploads\/2023\/06\/352199524_1327310878142812_5461781346621073747_n-768x512.jpg 768w, https:\/\/muniabancay.gob.pe\/web\/wp-content\/uploads\/2023\/06\/352199524_1327310878142812_5461781346621073747_n-391x260.jpg 391w, https:\/\/muniabancay.gob.pe\/web\/wp-content\/uploads\/2023\/06\/352199524_1327310878142812_5461781346621073747_n-1536x1024.jpg 1536w, https:\/\/muniabancay.gob.pe\/web\/wp-content\/uploads\/2023\/06\/352199524_1327310878142812_5461781346621073747_n-600x400.jpg 600w\" sizes=\"auto, (max-width: 2048px) 100vw, 2048px\" \/> <img loading=\"lazy\" decoding=\"async\" class=\"alignnone size-full wp-image-2221\" src=\"https:\/\/muniabancay.gob.pe\/web\/wp-content\/uploads\/2023\/06\/352236739_795520231901656_3967983062714314258_n.jpg\" alt=\"\" width=\"2048\" height=\"1365\" srcset=\"https:\/\/muniabancay.gob.pe\/web\/wp-content\/uploads\/2023\/06\/352236739_795520231901656_3967983062714314258_n.jpg 2048w, https:\/\/muniabancay.gob.pe\/web\/wp-content\/uploads\/2023\/06\/352236739_795520231901656_3967983062714314258_n-300x200.jpg 300w, https:\/\/muniabancay.gob.pe\/web\/wp-content\/uploads\/2023\/06\/352236739_795520231901656_3967983062714314258_n-1024x683.jpg 1024w, https:\/\/muniabancay.gob.pe\/web\/wp-content\/uploads\/2023\/06\/352236739_795520231901656_3967983062714314258_n-768x512.jpg 768w, https:\/\/muniabancay.gob.pe\/web\/wp-content\/uploads\/2023\/06\/352236739_795520231901656_3967983062714314258_n-391x260.jpg 391w, https:\/\/muniabancay.gob.pe\/web\/wp-content\/uploads\/2023\/06\/352236739_795520231901656_3967983062714314258_n-1536x1024.jpg 1536w, https:\/\/muniabancay.gob.pe\/web\/wp-content\/uploads\/2023\/06\/352236739_795520231901656_3967983062714314258_n-600x400.jpg 600w\" sizes=\"auto, (max-width: 2048px) 100vw, 2048px\" \/><\/div>\n<\/div>\n<\/div>\n<\/div>\n<\/div>\n<\/div>\n<\/div>\n<\/div>\n<\/div>\n<\/div>\n<\/div>\n<\/div>\n<\/div>\n<\/div>\n<div dir=\"auto\">\n<div class=\"x11i5rnm xat24cr x1mh8g0r x1vvkbs xtlvy1s x126k92a\">\n<div dir=\"auto\">\n<div dir=\"auto\">\n<div class=\"x11i5rnm xat24cr x1mh8g0r x1vvkbs xtlvy1s x126k92a\">\n<div dir=\"auto\">\n<div class=\"x11i5rnm xat24cr x1mh8g0r x1vvkbs xtlvy1s x126k92a\">\n<div dir=\"auto\"><\/div>\n<\/div>\n<\/div>\n<\/div>\n<div class=\"x11i5rnm xat24cr x1mh8g0r x1vvkbs xtlvy1s x126k92a\">\n<div dir=\"auto\"><\/div>\n<\/div>\n<\/div>\n<\/div>\n<\/div>\n<\/div>\n<\/div>\n<\/div>\n<\/div>\n<\/div>\n<\/div>\n<\/div>\n<\/div>\n<\/div>\n<\/div>\n<\/div>\n<\/div>\n<\/div>\n<\/div>\n<\/div>\n<\/div>\n<\/div>\n<\/div>\n<\/div>\n<\/div>\n<\/div>\n<\/div>\n<\/div>\n<\/div>\n<\/div>\n<\/div>\n<\/div>\n<\/div>\n<\/div>\n","protected":false},"excerpt":{"rendered":"<p>La Municipalidad Provincial de Abancay, se une a la celebraci\u00f3n por los 425 a\u00f1os de la llegada de la sagrada imagen de la Virgen de Cocharcas a la regi\u00f3n. En un emotivo acto de fe, la instituci\u00f3n edil recibi\u00f3 a la Virgen en la gruta del patio central de la instituci\u00f3n, en presencia de autoridades,<\/p>\n","protected":false},"author":1,"featured_media":2222,"comment_status":"open","ping_status":"open","sticky":false,"template":"","format":"standard","meta":{"footnotes":""},"categories":[20],"tags":[78,95,79],"class_list":["post-2214","post","type-post","status-publish","format-standard","has-post-thumbnail","hentry","category-noticias","tag-abancay","tag-audiencia-publica","tag-poblacion"],"yoast_head":"<!-- This site is optimized with the Yoast SEO plugin v21.8 - https:\/\/yoast.com\/wordpress\/plugins\/seo\/ -->\n<title>\u201cMPA: Da La Bienvenida A La Virgen De Cocharcas En La Celebraci\u00f3n Por Sus 425\u00b0 A\u00f1os De Llegada A La Regi\u00f3n\u201d - Municipalidad Provincial de Abancay<\/title>\n<meta name=\"robots\" content=\"index, follow, max-snippet:-1, max-image-preview:large, max-video-preview:-1\" \/>\n<link rel=\"canonical\" href=\"https:\/\/muniabancay.gob.pe\/web\/2023\/06\/06\/mpa-da-la-bienvenida-a-la-virgen-de-cocharcas-en-la-celebracion-por-sus-425-anos-de-llegada-a-la-region\/\" \/>\n<meta property=\"og:locale\" content=\"es_ES\" \/>\n<meta property=\"og:type\" content=\"article\" \/>\n<meta property=\"og:title\" content=\"\u201cMPA: Da La Bienvenida A La Virgen De Cocharcas En La Celebraci\u00f3n Por Sus 425\u00b0 A\u00f1os De Llegada A La Regi\u00f3n\u201d - Municipalidad Provincial de Abancay\" \/>\n<meta property=\"og:description\" content=\"La Municipalidad Provincial de Abancay, se une a la celebraci\u00f3n por los 425 a\u00f1os de la llegada de la sagrada imagen de la Virgen de Cocharcas a la regi\u00f3n. En un emotivo acto de fe, la instituci\u00f3n edil recibi\u00f3 a la Virgen en la gruta del patio central de la instituci\u00f3n, en presencia de autoridades,\" \/>\n<meta property=\"og:url\" content=\"https:\/\/muniabancay.gob.pe\/web\/2023\/06\/06\/mpa-da-la-bienvenida-a-la-virgen-de-cocharcas-en-la-celebracion-por-sus-425-anos-de-llegada-a-la-region\/\" \/>\n<meta property=\"og:site_name\" content=\"Municipalidad Provincial de Abancay\" \/>\n<meta property=\"article:publisher\" content=\"https:\/\/www.facebook.com\/profile.php?id=61551095133565\" \/>\n<meta property=\"article:published_time\" content=\"2023-06-06T17:47:25+00:00\" \/>\n<meta property=\"og:image\" content=\"https:\/\/muniabancay.gob.pe\/web\/wp-content\/uploads\/2023\/06\/eve01-1.jpg\" \/>\n\t<meta property=\"og:image:width\" content=\"770\" \/>\n\t<meta property=\"og:image:height\" content=\"400\" \/>\n\t<meta property=\"og:image:type\" content=\"image\/jpeg\" \/>\n<meta name=\"author\" content=\"administrador\" \/>\n<meta name=\"twitter:card\" content=\"summary_large_image\" \/>\n<meta name=\"twitter:label1\" content=\"Written by\" \/>\n\t<meta name=\"twitter:data1\" content=\"administrador\" \/>\n\t<meta name=\"twitter:label2\" content=\"Est. reading time\" \/>\n\t<meta name=\"twitter:data2\" content=\"1 minuto\" \/>\n<script type=\"application\/ld+json\" class=\"yoast-schema-graph\">{\"@context\":\"https:\/\/schema.org\",\"@graph\":[{\"@type\":\"Article\",\"@id\":\"https:\/\/muniabancay.gob.pe\/web\/2023\/06\/06\/mpa-da-la-bienvenida-a-la-virgen-de-cocharcas-en-la-celebracion-por-sus-425-anos-de-llegada-a-la-region\/#article\",\"isPartOf\":{\"@id\":\"https:\/\/muniabancay.gob.pe\/web\/2023\/06\/06\/mpa-da-la-bienvenida-a-la-virgen-de-cocharcas-en-la-celebracion-por-sus-425-anos-de-llegada-a-la-region\/\"},\"author\":{\"name\":\"administrador\",\"@id\":\"https:\/\/muniabancay.gob.pe\/web\/#\/schema\/person\/a546ce53925da8a15f1d4aee16d2c7b4\"},\"headline\":\"\u201cMPA: Da La Bienvenida A La Virgen De Cocharcas En La Celebraci\u00f3n Por Sus 425\u00b0 A\u00f1os De Llegada A La Regi\u00f3n\u201d\",\"datePublished\":\"2023-06-06T17:47:25+00:00\",\"dateModified\":\"2023-06-06T17:47:25+00:00\",\"mainEntityOfPage\":{\"@id\":\"https:\/\/muniabancay.gob.pe\/web\/2023\/06\/06\/mpa-da-la-bienvenida-a-la-virgen-de-cocharcas-en-la-celebracion-por-sus-425-anos-de-llegada-a-la-region\/\"},\"wordCount\":222,\"commentCount\":0,\"publisher\":{\"@id\":\"https:\/\/muniabancay.gob.pe\/web\/#organization\"},\"keywords\":[\"Abancay\",\"Audiencia P\u00fablica\",\"Poblaci\u00f3n\"],\"articleSection\":[\"Noticias\"],\"inLanguage\":\"es-PE\",\"potentialAction\":[{\"@type\":\"CommentAction\",\"name\":\"Comment\",\"target\":[\"https:\/\/muniabancay.gob.pe\/web\/2023\/06\/06\/mpa-da-la-bienvenida-a-la-virgen-de-cocharcas-en-la-celebracion-por-sus-425-anos-de-llegada-a-la-region\/#respond\"]}]},{\"@type\":\"WebPage\",\"@id\":\"https:\/\/muniabancay.gob.pe\/web\/2023\/06\/06\/mpa-da-la-bienvenida-a-la-virgen-de-cocharcas-en-la-celebracion-por-sus-425-anos-de-llegada-a-la-region\/\",\"url\":\"https:\/\/muniabancay.gob.pe\/web\/2023\/06\/06\/mpa-da-la-bienvenida-a-la-virgen-de-cocharcas-en-la-celebracion-por-sus-425-anos-de-llegada-a-la-region\/\",\"name\":\"\u201cMPA: Da La Bienvenida A La Virgen De Cocharcas En La Celebraci\u00f3n Por Sus 425\u00b0 A\u00f1os De Llegada A La Regi\u00f3n\u201d - Municipalidad Provincial de Abancay\",\"isPartOf\":{\"@id\":\"https:\/\/muniabancay.gob.pe\/web\/#website\"},\"datePublished\":\"2023-06-06T17:47:25+00:00\",\"dateModified\":\"2023-06-06T17:47:25+00:00\",\"breadcrumb\":{\"@id\":\"https:\/\/muniabancay.gob.pe\/web\/2023\/06\/06\/mpa-da-la-bienvenida-a-la-virgen-de-cocharcas-en-la-celebracion-por-sus-425-anos-de-llegada-a-la-region\/#breadcrumb\"},\"inLanguage\":\"es-PE\",\"potentialAction\":[{\"@type\":\"ReadAction\",\"target\":[\"https:\/\/muniabancay.gob.pe\/web\/2023\/06\/06\/mpa-da-la-bienvenida-a-la-virgen-de-cocharcas-en-la-celebracion-por-sus-425-anos-de-llegada-a-la-region\/\"]}]},{\"@type\":\"BreadcrumbList\",\"@id\":\"https:\/\/muniabancay.gob.pe\/web\/2023\/06\/06\/mpa-da-la-bienvenida-a-la-virgen-de-cocharcas-en-la-celebracion-por-sus-425-anos-de-llegada-a-la-region\/#breadcrumb\",\"itemListElement\":[{\"@type\":\"ListItem\",\"position\":1,\"name\":\"Portada\",\"item\":\"https:\/\/muniabancay.gob.pe\/web\/\"},{\"@type\":\"ListItem\",\"position\":2,\"name\":\"\u201cMPA: Da La Bienvenida A La Virgen De Cocharcas En La Celebraci\u00f3n Por Sus 425\u00b0 A\u00f1os De Llegada A La Regi\u00f3n\u201d\"}]},{\"@type\":\"WebSite\",\"@id\":\"https:\/\/muniabancay.gob.pe\/web\/#website\",\"url\":\"https:\/\/muniabancay.gob.pe\/web\/\",\"name\":\"Municipalidad Provincial de Abancay\",\"description\":\"MPA\",\"publisher\":{\"@id\":\"https:\/\/muniabancay.gob.pe\/web\/#organization\"},\"alternateName\":\"Municipalidad Provincial de Abancay\",\"potentialAction\":[{\"@type\":\"SearchAction\",\"target\":{\"@type\":\"EntryPoint\",\"urlTemplate\":\"https:\/\/muniabancay.gob.pe\/web\/?s={search_term_string}\"},\"query-input\":\"required name=search_term_string\"}],\"inLanguage\":\"es-PE\"},{\"@type\":\"Organization\",\"@id\":\"https:\/\/muniabancay.gob.pe\/web\/#organization\",\"name\":\"Municipalidad Provincial de Abancay\",\"alternateName\":\"Municipalidad Provincial de Abancay\",\"url\":\"https:\/\/muniabancay.gob.pe\/web\/\",\"logo\":{\"@type\":\"ImageObject\",\"inLanguage\":\"es-PE\",\"@id\":\"https:\/\/muniabancay.gob.pe\/web\/#\/schema\/logo\/image\/\",\"url\":\"https:\/\/muniabancay.gob.pe\/web\/wp-content\/uploads\/2023\/10\/logo_abc23.png\",\"contentUrl\":\"https:\/\/muniabancay.gob.pe\/web\/wp-content\/uploads\/2023\/10\/logo_abc23.png\",\"width\":699,\"height\":700,\"caption\":\"Municipalidad Provincial de Abancay\"},\"image\":{\"@id\":\"https:\/\/muniabancay.gob.pe\/web\/#\/schema\/logo\/image\/\"},\"sameAs\":[\"https:\/\/www.facebook.com\/profile.php?id=61551095133565\",\"https:\/\/www.tiktok.com\/@tiktokmuniabancay?_t=8cBFA7r1OHV&_r=1\"]},{\"@type\":\"Person\",\"@id\":\"https:\/\/muniabancay.gob.pe\/web\/#\/schema\/person\/a546ce53925da8a15f1d4aee16d2c7b4\",\"name\":\"administrador\",\"image\":{\"@type\":\"ImageObject\",\"inLanguage\":\"es-PE\",\"@id\":\"https:\/\/muniabancay.gob.pe\/web\/#\/schema\/person\/image\/\",\"url\":\"https:\/\/secure.gravatar.com\/avatar\/d91b6b272509bdfb13debe638095bca067743d84d1c2867ab3a6b6407fa1c9b0?s=96&d=mm&r=g\",\"contentUrl\":\"https:\/\/secure.gravatar.com\/avatar\/d91b6b272509bdfb13debe638095bca067743d84d1c2867ab3a6b6407fa1c9b0?s=96&d=mm&r=g\",\"caption\":\"administrador\"},\"sameAs\":[\"https:\/\/muniabancay.gob.pe\/web\"],\"url\":\"https:\/\/muniabancay.gob.pe\/web\/author\/administrador\/\"}]}<\/script>\n<!-- \/ Yoast SEO plugin. -->","yoast_head_json":{"title":"\u201cMPA: Da La Bienvenida A La Virgen De Cocharcas En La Celebraci\u00f3n Por Sus 425\u00b0 A\u00f1os De Llegada A La Regi\u00f3n\u201d - Municipalidad Provincial de Abancay","robots":{"index":"index","follow":"follow","max-snippet":"max-snippet:-1","max-image-preview":"max-image-preview:large","max-video-preview":"max-video-preview:-1"},"canonical":"https:\/\/muniabancay.gob.pe\/web\/2023\/06\/06\/mpa-da-la-bienvenida-a-la-virgen-de-cocharcas-en-la-celebracion-por-sus-425-anos-de-llegada-a-la-region\/","og_locale":"es_ES","og_type":"article","og_title":"\u201cMPA: Da La Bienvenida A La Virgen De Cocharcas En La Celebraci\u00f3n Por Sus 425\u00b0 A\u00f1os De Llegada A La Regi\u00f3n\u201d - Municipalidad Provincial de Abancay","og_description":"La Municipalidad Provincial de Abancay, se une a la celebraci\u00f3n por los 425 a\u00f1os de la llegada de la sagrada imagen de la Virgen de Cocharcas a la regi\u00f3n. En un emotivo acto de fe, la instituci\u00f3n edil recibi\u00f3 a la Virgen en la gruta del patio central de la instituci\u00f3n, en presencia de autoridades,","og_url":"https:\/\/muniabancay.gob.pe\/web\/2023\/06\/06\/mpa-da-la-bienvenida-a-la-virgen-de-cocharcas-en-la-celebracion-por-sus-425-anos-de-llegada-a-la-region\/","og_site_name":"Municipalidad Provincial de Abancay","article_publisher":"https:\/\/www.facebook.com\/profile.php?id=61551095133565","article_published_time":"2023-06-06T17:47:25+00:00","og_image":[{"width":770,"height":400,"url":"https:\/\/muniabancay.gob.pe\/web\/wp-content\/uploads\/2023\/06\/eve01-1.jpg","type":"image\/jpeg"}],"author":"administrador","twitter_card":"summary_large_image","twitter_misc":{"Written by":"administrador","Est. reading time":"1 minuto"},"schema":{"@context":"https:\/\/schema.org","@graph":[{"@type":"Article","@id":"https:\/\/muniabancay.gob.pe\/web\/2023\/06\/06\/mpa-da-la-bienvenida-a-la-virgen-de-cocharcas-en-la-celebracion-por-sus-425-anos-de-llegada-a-la-region\/#article","isPartOf":{"@id":"https:\/\/muniabancay.gob.pe\/web\/2023\/06\/06\/mpa-da-la-bienvenida-a-la-virgen-de-cocharcas-en-la-celebracion-por-sus-425-anos-de-llegada-a-la-region\/"},"author":{"name":"administrador","@id":"https:\/\/muniabancay.gob.pe\/web\/#\/schema\/person\/a546ce53925da8a15f1d4aee16d2c7b4"},"headline":"\u201cMPA: Da La Bienvenida A La Virgen De Cocharcas En La Celebraci\u00f3n Por Sus 425\u00b0 A\u00f1os De Llegada A La Regi\u00f3n\u201d","datePublished":"2023-06-06T17:47:25+00:00","dateModified":"2023-06-06T17:47:25+00:00","mainEntityOfPage":{"@id":"https:\/\/muniabancay.gob.pe\/web\/2023\/06\/06\/mpa-da-la-bienvenida-a-la-virgen-de-cocharcas-en-la-celebracion-por-sus-425-anos-de-llegada-a-la-region\/"},"wordCount":222,"commentCount":0,"publisher":{"@id":"https:\/\/muniabancay.gob.pe\/web\/#organization"},"keywords":["Abancay","Audiencia P\u00fablica","Poblaci\u00f3n"],"articleSection":["Noticias"],"inLanguage":"es-PE","potentialAction":[{"@type":"CommentAction","name":"Comment","target":["https:\/\/muniabancay.gob.pe\/web\/2023\/06\/06\/mpa-da-la-bienvenida-a-la-virgen-de-cocharcas-en-la-celebracion-por-sus-425-anos-de-llegada-a-la-region\/#respond"]}]},{"@type":"WebPage","@id":"https:\/\/muniabancay.gob.pe\/web\/2023\/06\/06\/mpa-da-la-bienvenida-a-la-virgen-de-cocharcas-en-la-celebracion-por-sus-425-anos-de-llegada-a-la-region\/","url":"https:\/\/muniabancay.gob.pe\/web\/2023\/06\/06\/mpa-da-la-bienvenida-a-la-virgen-de-cocharcas-en-la-celebracion-por-sus-425-anos-de-llegada-a-la-region\/","name":"\u201cMPA: Da La Bienvenida A La Virgen De Cocharcas En La Celebraci\u00f3n Por Sus 425\u00b0 A\u00f1os De Llegada A La Regi\u00f3n\u201d - Municipalidad Provincial de Abancay","isPartOf":{"@id":"https:\/\/muniabancay.gob.pe\/web\/#website"},"datePublished":"2023-06-06T17:47:25+00:00","dateModified":"2023-06-06T17:47:25+00:00","breadcrumb":{"@id":"https:\/\/muniabancay.gob.pe\/web\/2023\/06\/06\/mpa-da-la-bienvenida-a-la-virgen-de-cocharcas-en-la-celebracion-por-sus-425-anos-de-llegada-a-la-region\/#breadcrumb"},"inLanguage":"es-PE","potentialAction":[{"@type":"ReadAction","target":["https:\/\/muniabancay.gob.pe\/web\/2023\/06\/06\/mpa-da-la-bienvenida-a-la-virgen-de-cocharcas-en-la-celebracion-por-sus-425-anos-de-llegada-a-la-region\/"]}]},{"@type":"BreadcrumbList","@id":"https:\/\/muniabancay.gob.pe\/web\/2023\/06\/06\/mpa-da-la-bienvenida-a-la-virgen-de-cocharcas-en-la-celebracion-por-sus-425-anos-de-llegada-a-la-region\/#breadcrumb","itemListElement":[{"@type":"ListItem","position":1,"name":"Portada","item":"https:\/\/muniabancay.gob.pe\/web\/"},{"@type":"ListItem","position":2,"name":"\u201cMPA: Da La Bienvenida A La Virgen De Cocharcas En La Celebraci\u00f3n Por Sus 425\u00b0 A\u00f1os De Llegada A La Regi\u00f3n\u201d"}]},{"@type":"WebSite","@id":"https:\/\/muniabancay.gob.pe\/web\/#website","url":"https:\/\/muniabancay.gob.pe\/web\/","name":"Municipalidad Provincial de Abancay","description":"MPA","publisher":{"@id":"https:\/\/muniabancay.gob.pe\/web\/#organization"},"alternateName":"Municipalidad Provincial de Abancay","potentialAction":[{"@type":"SearchAction","target":{"@type":"EntryPoint","urlTemplate":"https:\/\/muniabancay.gob.pe\/web\/?s={search_term_string}"},"query-input":"required name=search_term_string"}],"inLanguage":"es-PE"},{"@type":"Organization","@id":"https:\/\/muniabancay.gob.pe\/web\/#organization","name":"Municipalidad Provincial de Abancay","alternateName":"Municipalidad Provincial de Abancay","url":"https:\/\/muniabancay.gob.pe\/web\/","logo":{"@type":"ImageObject","inLanguage":"es-PE","@id":"https:\/\/muniabancay.gob.pe\/web\/#\/schema\/logo\/image\/","url":"https:\/\/muniabancay.gob.pe\/web\/wp-content\/uploads\/2023\/10\/logo_abc23.png","contentUrl":"https:\/\/muniabancay.gob.pe\/web\/wp-content\/uploads\/2023\/10\/logo_abc23.png","width":699,"height":700,"caption":"Municipalidad Provincial de Abancay"},"image":{"@id":"https:\/\/muniabancay.gob.pe\/web\/#\/schema\/logo\/image\/"},"sameAs":["https:\/\/www.facebook.com\/profile.php?id=61551095133565","https:\/\/www.tiktok.com\/@tiktokmuniabancay?_t=8cBFA7r1OHV&_r=1"]},{"@type":"Person","@id":"https:\/\/muniabancay.gob.pe\/web\/#\/schema\/person\/a546ce53925da8a15f1d4aee16d2c7b4","name":"administrador","image":{"@type":"ImageObject","inLanguage":"es-PE","@id":"https:\/\/muniabancay.gob.pe\/web\/#\/schema\/person\/image\/","url":"https:\/\/secure.gravatar.com\/avatar\/d91b6b272509bdfb13debe638095bca067743d84d1c2867ab3a6b6407fa1c9b0?s=96&d=mm&r=g","contentUrl":"https:\/\/secure.gravatar.com\/avatar\/d91b6b272509bdfb13debe638095bca067743d84d1c2867ab3a6b6407fa1c9b0?s=96&d=mm&r=g","caption":"administrador"},"sameAs":["https:\/\/muniabancay.gob.pe\/web"],"url":"https:\/\/muniabancay.gob.pe\/web\/author\/administrador\/"}]}},"_links":{"self":[{"href":"https:\/\/muniabancay.gob.pe\/web\/wp-json\/wp\/v2\/posts\/2214","targetHints":{"allow":["GET"]}}],"collection":[{"href":"https:\/\/muniabancay.gob.pe\/web\/wp-json\/wp\/v2\/posts"}],"about":[{"href":"https:\/\/muniabancay.gob.pe\/web\/wp-json\/wp\/v2\/types\/post"}],"author":[{"embeddable":true,"href":"https:\/\/muniabancay.gob.pe\/web\/wp-json\/wp\/v2\/users\/1"}],"replies":[{"embeddable":true,"href":"https:\/\/muniabancay.gob.pe\/web\/wp-json\/wp\/v2\/comments?post=2214"}],"version-history":[{"count":1,"href":"https:\/\/muniabancay.gob.pe\/web\/wp-json\/wp\/v2\/posts\/2214\/revisions"}],"predecessor-version":[{"id":2223,"href":"https:\/\/muniabancay.gob.pe\/web\/wp-json\/wp\/v2\/posts\/2214\/revisions\/2223"}],"wp:featuredmedia":[{"embeddable":true,"href":"https:\/\/muniabancay.gob.pe\/web\/wp-json\/wp\/v2\/media\/2222"}],"wp:attachment":[{"href":"https:\/\/muniabancay.gob.pe\/web\/wp-json\/wp\/v2\/media?parent=2214"}],"wp:term":[{"taxonomy":"category","embeddable":true,"href":"https:\/\/muniabancay.gob.pe\/web\/wp-json\/wp\/v2\/categories?post=2214"},{"taxonomy":"post_tag","embeddable":true,"href":"https:\/\/muniabancay.gob.pe\/web\/wp-json\/wp\/v2\/tags?post=2214"}],"curies":[{"name":"wp","href":"https:\/\/api.w.org\/{rel}","templated":true}]}}